{"id":173934,"date":"2025-04-07T07:21:25","date_gmt":"2025-04-07T10:21:25","guid":{"rendered":"https:\/\/www.blogdotarugao.com.br\/v1\/?p=173934"},"modified":"2025-04-07T07:21:25","modified_gmt":"2025-04-07T10:21:25","slug":"carro-de-prefeito-e-incendiado-por-homem-encapuzado","status":"publish","type":"post","link":"https:\/\/www.blogdotarugao.com.br\/v1\/2025\/04\/07\/carro-de-prefeito-e-incendiado-por-homem-encapuzado\/","title":{"rendered":"CARRO DE PREFEITO \u00c9 INCENDIADO POR HOMEM ENCAPUZADO"},"content":{"rendered":"<h3><img loading=\"lazy\" class=\"wp-image-173935 alignleft\" src=\"https:\/\/www.blogdotarugao.com.br\/v1\/wp-content\/uploads\/2025\/04\/a-6.jpg\" alt=\"\" width=\"586\" height=\"411\" \/>Na madrugada do \u00faltimo s\u00e1bado, 5 de abril, um ato de vandalismo abalou a cidade de Botupor\u00e3. O carro do prefeito da cidade, Edmilson Ant\u00f4nio Saraiva (PT) foi incendiado por um homem encapuzado em frente \u00e0 sua resid\u00eancia, localizada no centro da cidade. Este incidente, que pode ser considerado alarmante, levanta diversas quest\u00f5es sobre a seguran\u00e7a p\u00fablica e a integridade dos gestores municipais.<\/h3>\n<h3><img loading=\"lazy\" class=\"alignleft\" src=\"https:\/\/midias.correio24horas.com.br\/2025\/04\/06\/homem-poe-fogo-em-carro-de-prefeito-de-butopora-2678510-article.webp\" alt=\"Homem p\u00f5e fogo em carro de prefeito de Butopor\u00e3\" width=\"585\" height=\"329\" \/><\/h3>\n<h3>Segundo informa\u00e7\u00f5es da 4\u00aa Companhia Independente de Pol\u00edcia Militar (CIPM), o suspeito quebrou o vidro traseiro do ve\u00edculo antes de atear fogo. Moradores das proximidades do local relataram ter ouvido um forte estouro, que provavelmente ocorreu devido ao impacto do fogo e do combust\u00edvel. Quando sa\u00edram para verificar a situa\u00e7\u00e3o, encontraram o carro em chamas, uma cena que certamente causou espanto e preocupa\u00e7\u00e3o.<\/h3>\n<h3>Populares e familiares que testemunharam o inc\u00eandio tentaram rapidamente conter as chamas, mas seus esfor\u00e7os foram em v\u00e3o.<\/h3>\n<h3>A Pol\u00edcia Militar, ao chegar ao local, isolou a \u00e1rea para garantir a seguran\u00e7a e a integridade das investiga\u00e7\u00f5es. O Departamento de Pol\u00edcia T\u00e9cnica (DPT) foi acionado e realizou uma per\u00edcia no local, buscando evid\u00eancias que possam ajudar na identifica\u00e7\u00e3o do autor desse crime.<\/h3>\n","protected":false},"excerpt":{"rendered":"<p>Na madrugada do \u00faltimo s\u00e1bado, 5 de abril, um ato de vandalismo abalou a cidade de Botupor\u00e3. O carro do prefeito da cidade, Edmilson Ant\u00f4nio Saraiva (PT) foi incendiado por um homem encapuzado em frente \u00e0 sua resid\u00eancia, localizada no centro da cidade. Este incidente, que pode ser considerado alarmante, levanta diversas quest\u00f5es sobre a [&hellip;]<\/p>\n","protected":false},"author":2,"featured_media":173935,"comment_status":"open","ping_status":"open","sticky":false,"template":"","format":"standard","meta":{"_links_to":"","_links_to_target":""},"categories":[1],"tags":[],"_links":{"self":[{"href":"https:\/\/www.blogdotarugao.com.br\/v1\/wp-json\/wp\/v2\/posts\/173934"}],"collection":[{"href":"https:\/\/www.blogdotarugao.com.br\/v1\/wp-json\/wp\/v2\/posts"}],"about":[{"href":"https:\/\/www.blogdotarugao.com.br\/v1\/wp-json\/wp\/v2\/types\/post"}],"author":[{"embeddable":true,"href":"https:\/\/www.blogdotarugao.com.br\/v1\/wp-json\/wp\/v2\/users\/2"}],"replies":[{"embeddable":true,"href":"https:\/\/www.blogdotarugao.com.br\/v1\/wp-json\/wp\/v2\/comments?post=173934"}],"version-history":[{"count":1,"href":"https:\/\/www.blogdotarugao.com.br\/v1\/wp-json\/wp\/v2\/posts\/173934\/revisions"}],"predecessor-version":[{"id":173938,"href":"https:\/\/www.blogdotarugao.com.br\/v1\/wp-json\/wp\/v2\/posts\/173934\/revisions\/173938"}],"wp:featuredmedia":[{"embeddable":true,"href":"https:\/\/www.blogdotarugao.com.br\/v1\/wp-json\/wp\/v2\/media\/173935"}],"wp:attachment":[{"href":"https:\/\/www.blogdotarugao.com.br\/v1\/wp-json\/wp\/v2\/media?parent=173934"}],"wp:term":[{"taxonomy":"category","embeddable":true,"href":"https:\/\/www.blogdotarugao.com.br\/v1\/wp-json\/wp\/v2\/categories?post=173934"},{"taxonomy":"post_tag","embeddable":true,"href":"https:\/\/www.blogdotarugao.com.br\/v1\/wp-json\/wp\/v2\/tags?post=173934"}],"curies":[{"name":"wp","href":"https:\/\/api.w.org\/{rel}","templated":true}]}}