{"id":17395,"date":"2014-10-07T10:24:47","date_gmt":"2014-10-07T13:24:47","guid":{"rendered":"http:\/\/www.blogdotarugao.com.br\/v1\/?p=17395"},"modified":"2014-10-07T10:24:47","modified_gmt":"2014-10-07T13:24:47","slug":"situacao-de-belo-e-mais-grave-do-que-foi-divulgado-e-cantor-pode-dar-bolo-na-salvador-producoes","status":"publish","type":"post","link":"https:\/\/www.blogdotarugao.com.br\/v1\/2014\/10\/07\/situacao-de-belo-e-mais-grave-do-que-foi-divulgado-e-cantor-pode-dar-bolo-na-salvador-producoes\/","title":{"rendered":"Situa\u00e7\u00e3o de Belo \u00e9 mais grave do que foi divulgado e cantor pode dar \u2018bolo\u2019 na Salvador Produ\u00e7\u00f5es"},"content":{"rendered":"<div class=\"align-center\" style=\"color: #000000;\">\n<div class=\"imgNoticia clear\"><img title=\"Situa\u00e7\u00e3o de Belo \u00e9 mais grave do que foi divulgado e cantor pode dar \u2018bolo\u2019 na Salvador Produ\u00e7\u00f5es\" src=\"http:\/\/www.bahianoticias.com.br\/fotos\/holofote_noticias\/36975\/xIMAGEM_NOTICIA_5.jpg.pagespeed.ic.2GygkHNe4P.jpg\" alt=\"Situa\u00e7\u00e3o de Belo \u00e9 mais grave do que foi divulgado e cantor pode dar \u2018bolo\u2019 na Salvador Produ\u00e7\u00f5es\" \/><\/div>\n<div class=\"clear\"><\/div>\n<\/div>\n<div class=\"editor clear\" style=\"color: #444444;\">\n<div id=\"cke_pastebin\">O cantor Belo recentemente\u00a0<strong><a href=\"http:\/\/www.bahianoticias.com.br\/holofote\/noticia\/36711-belo-e-internado-e-cancela-show-no-salvador-fest.html\" target=\"_blank\"><span style=\"color: #ff0000;\">cancelou sua apresenta\u00e7\u00e3o no Salvador Fest<\/span><\/a><\/strong>\u00a0e em diversos outros eventos alegando problemas de sa\u00fade. Nada grave. Seria, de acordo com a assessoria do artista, apenas uma estafa. Entretanto, a colunista Fab\u00edola Reipert, do R7, revela que a situa\u00e7\u00e3o \u00e9 muito mais grave do que a equipe de Belo tenta fazer parecer. De acordo com a publica\u00e7\u00e3o, pessoas pr\u00f3ximas ao pagodeiro teriam deixado vazar a informa\u00e7\u00e3o de que ele est\u00e1 com s\u00edndrome do p\u00e2nico. As informa\u00e7\u00f5es ainda d\u00e3o conta de que Belo n\u00e3o est\u00e1 se alimentando bem e est\u00e1 com pavor de andar de carro. Por conta de tudo isso, o artista teria resolvido dar um tempo na carreira. Vale lembrar que Belo tem apresenta\u00e7\u00e3o no Wet\u2019n Wild, em Salvador, marcada para dia 22 de novembro, ao lado das bandas Ra\u00e7a Negra e SPC\u00a0<strong><a href=\"http:\/\/www.bahianoticias.com.br\/holofote\/noticia\/36856-gigantes-do-samba-e-belo-se-apresentam-no-wet-039-n-wild-em-novembro.html\" target=\"_blank\"><span style=\"color: #ff0000;\">(veja aqui)<\/span><\/a><\/strong>. Resta saber se o artista vem cantar na capital baiana ou se dar\u00e1 um bolo, como aconteceu no Salvador Fest, na Salvador Produ\u00e7\u00f5es.<\/div>\n<\/div>\n","protected":false},"excerpt":{"rendered":"<p>O cantor Belo recentemente\u00a0cancelou sua apresenta\u00e7\u00e3o no Salvador Fest\u00a0e em diversos outros eventos alegando problemas de sa\u00fade. Nada grave. Seria, de acordo com a assessoria do artista, apenas uma estafa. Entretanto, a colunista Fab\u00edola Reipert, do R7, revela que a situa\u00e7\u00e3o \u00e9 muito mais grave do que a equipe de Belo tenta fazer parecer. De [&hellip;]<\/p>\n","protected":false},"author":2,"featured_media":0,"comment_status":"open","ping_status":"open","sticky":false,"template":"","format":"standard","meta":{"_links_to":"","_links_to_target":""},"categories":[6,21,1],"tags":[],"_links":{"self":[{"href":"https:\/\/www.blogdotarugao.com.br\/v1\/wp-json\/wp\/v2\/posts\/17395"}],"collection":[{"href":"https:\/\/www.blogdotarugao.com.br\/v1\/wp-json\/wp\/v2\/posts"}],"about":[{"href":"https:\/\/www.blogdotarugao.com.br\/v1\/wp-json\/wp\/v2\/types\/post"}],"author":[{"embeddable":true,"href":"https:\/\/www.blogdotarugao.com.br\/v1\/wp-json\/wp\/v2\/users\/2"}],"replies":[{"embeddable":true,"href":"https:\/\/www.blogdotarugao.com.br\/v1\/wp-json\/wp\/v2\/comments?post=17395"}],"version-history":[{"count":1,"href":"https:\/\/www.blogdotarugao.com.br\/v1\/wp-json\/wp\/v2\/posts\/17395\/revisions"}],"predecessor-version":[{"id":17396,"href":"https:\/\/www.blogdotarugao.com.br\/v1\/wp-json\/wp\/v2\/posts\/17395\/revisions\/17396"}],"wp:attachment":[{"href":"https:\/\/www.blogdotarugao.com.br\/v1\/wp-json\/wp\/v2\/media?parent=17395"}],"wp:term":[{"taxonomy":"category","embeddable":true,"href":"https:\/\/www.blogdotarugao.com.br\/v1\/wp-json\/wp\/v2\/categories?post=17395"},{"taxonomy":"post_tag","embeddable":true,"href":"https:\/\/www.blogdotarugao.com.br\/v1\/wp-json\/wp\/v2\/tags?post=17395"}],"curies":[{"name":"wp","href":"https:\/\/api.w.org\/{rel}","templated":true}]}}