{"id":173984,"date":"2025-04-11T07:37:42","date_gmt":"2025-04-11T10:37:42","guid":{"rendered":"https:\/\/www.blogdotarugao.com.br\/v1\/?p=173984"},"modified":"2025-04-11T07:37:42","modified_gmt":"2025-04-11T10:37:42","slug":"senado-aprova-porte-de-arma-para-mulheres-sob-medida-protetiva","status":"publish","type":"post","link":"https:\/\/www.blogdotarugao.com.br\/v1\/2025\/04\/11\/senado-aprova-porte-de-arma-para-mulheres-sob-medida-protetiva\/","title":{"rendered":"SENADO APROVA PORTE DE ARMA PARA MULHERES SOB MEDIDA PROTETIVA"},"content":{"rendered":"<p><img loading=\"lazy\" class=\" wp-image-173985\" src=\"https:\/\/www.blogdotarugao.com.br\/v1\/wp-content\/uploads\/2025\/04\/AAAA.jpg\" alt=\"\" width=\"585\" height=\"388\" \/><\/p>\n<h3>A Comiss\u00e3o de Direitos Humanos (CDH) do\u00a0Senado Federal aprovou, na \u00faltima quarta-feira (9\/4), projeto de lei (PL) que concede porte tempor\u00e1rio de arma de fogo\u00a0para mulheres sob medida protetiva de urg\u00eancia. A proposta segue agora para aprecia\u00e7\u00e3o da Comiss\u00e3o de Seguran\u00e7a P\u00fablica da Casa.<\/h3>\n<h3>O texto \u00e9 de autoria da senadora Rosana Martinelli (PT-MT) e foi relatado na CDH pelos senadores Magno Malta (PL-ES) e Pl\u00ednio Val\u00e9rio (PSDB-AM).<\/h3>\n<h3>\u201cEssas medidas [protetivas de urg\u00eancia], embora importantes e necess\u00e1rias, por si s\u00f3 n\u00e3o impedem que o agressor descumpra a ordem judicial e tente novas investidas contra a v\u00edtima. Por isso, o porte de arma possibilitar\u00e1 que essas mulheres tenham uma ferramenta concreta para se proteger diante de uma amea\u00e7a real e iminente\u201d, argumentou Malta no relat\u00f3rio apresentado.<\/h3>\n<h3>\u201cO simples fato de o agressor saber que a v\u00edtima pode estar armada pode lev\u00e1-lo a reconsiderar antes de desrespeitar\u201d, continua o senador.<\/h3>\n<h3>A proposta autoriza a aquisi\u00e7\u00e3o, a posse e o porte de armas para mulheres a partir de 18 anos que estejam sob medida protetiva de urg\u00eancia. Em outros casos, a idade m\u00ednima segue sendo de 25 anos, de acordo com emenda do senador Alessandro Vieira (MDB-SE) acatada pelo relator.<\/h3>\n<p><strong>AF<\/strong><\/p>\n","protected":false},"excerpt":{"rendered":"<p>A Comiss\u00e3o de Direitos Humanos (CDH) do\u00a0Senado Federal aprovou, na \u00faltima quarta-feira (9\/4), projeto de lei (PL) que concede porte tempor\u00e1rio de arma de fogo\u00a0para mulheres sob medida protetiva de urg\u00eancia. A proposta segue agora para aprecia\u00e7\u00e3o da Comiss\u00e3o de Seguran\u00e7a P\u00fablica da Casa. O texto \u00e9 de autoria da senadora Rosana Martinelli (PT-MT) e [&hellip;]<\/p>\n","protected":false},"author":2,"featured_media":173985,"comment_status":"open","ping_status":"open","sticky":false,"template":"","format":"standard","meta":{"_links_to":"","_links_to_target":""},"categories":[1],"tags":[],"_links":{"self":[{"href":"https:\/\/www.blogdotarugao.com.br\/v1\/wp-json\/wp\/v2\/posts\/173984"}],"collection":[{"href":"https:\/\/www.blogdotarugao.com.br\/v1\/wp-json\/wp\/v2\/posts"}],"about":[{"href":"https:\/\/www.blogdotarugao.com.br\/v1\/wp-json\/wp\/v2\/types\/post"}],"author":[{"embeddable":true,"href":"https:\/\/www.blogdotarugao.com.br\/v1\/wp-json\/wp\/v2\/users\/2"}],"replies":[{"embeddable":true,"href":"https:\/\/www.blogdotarugao.com.br\/v1\/wp-json\/wp\/v2\/comments?post=173984"}],"version-history":[{"count":1,"href":"https:\/\/www.blogdotarugao.com.br\/v1\/wp-json\/wp\/v2\/posts\/173984\/revisions"}],"predecessor-version":[{"id":173986,"href":"https:\/\/www.blogdotarugao.com.br\/v1\/wp-json\/wp\/v2\/posts\/173984\/revisions\/173986"}],"wp:featuredmedia":[{"embeddable":true,"href":"https:\/\/www.blogdotarugao.com.br\/v1\/wp-json\/wp\/v2\/media\/173985"}],"wp:attachment":[{"href":"https:\/\/www.blogdotarugao.com.br\/v1\/wp-json\/wp\/v2\/media?parent=173984"}],"wp:term":[{"taxonomy":"category","embeddable":true,"href":"https:\/\/www.blogdotarugao.com.br\/v1\/wp-json\/wp\/v2\/categories?post=173984"},{"taxonomy":"post_tag","embeddable":true,"href":"https:\/\/www.blogdotarugao.com.br\/v1\/wp-json\/wp\/v2\/tags?post=173984"}],"curies":[{"name":"wp","href":"https:\/\/api.w.org\/{rel}","templated":true}]}}