{"id":173987,"date":"2025-04-11T10:53:04","date_gmt":"2025-04-11T13:53:04","guid":{"rendered":"https:\/\/www.blogdotarugao.com.br\/v1\/?p=173987"},"modified":"2025-04-11T10:53:04","modified_gmt":"2025-04-11T13:53:04","slug":"bolsonaro-passa-mal-no-interior-do-rn-e-e-levado-de-helicoptero-a-natal","status":"publish","type":"post","link":"https:\/\/www.blogdotarugao.com.br\/v1\/2025\/04\/11\/bolsonaro-passa-mal-no-interior-do-rn-e-e-levado-de-helicoptero-a-natal\/","title":{"rendered":"BOLSONARO PASSA MAL NO INTERIOR DO RN E \u00c9 LEVADO DE HELIC\u00d3PTERO A NATAL"},"content":{"rendered":"<h3><img loading=\"lazy\" class=\"alignnone  wp-image-163530 alignleft\" src=\"https:\/\/www.blogdotarugao.com.br\/v1\/wp-content\/uploads\/2023\/07\/138251bolsonaro-diz-que-teria-baixado-a-voz-se-pudesse-voltar-no-tempo-e-nega-participacao-de-aliados-no-8-de-janeiro-3.jpg\" alt=\"\" width=\"581\" height=\"273\" \/><\/h3>\n<h3>,O ex-presidente <strong>Jair Bolsonaro<\/strong>\u00a0passou mal na cidade de Santa Cruz, no interior do\u00a0<strong>Rio Grande do Norte<\/strong>, e deu entrada em um hospital do munic\u00edpio. Neste momento, ele est\u00e1 sendo removido de\u00a0<strong>helic\u00f3ptero<\/strong>\u00a0para\u00a0<strong>Natal<\/strong>, a capital do estado.<\/h3>\n<h3>Segundo a colunista do jornal\u00a0<em>O Globo\u00a0<\/em>Bela Megale,\u00a0<a href=\"https:\/\/veja.abril.com.br\/noticias-sobre\/jair-bolsonaro\/\">Bolsonaro<\/a>\u00a0sentiu \u201cfortes dores\u201d em decorr\u00eancia do atentado a facada que sofreu em 2018 e procurou atendimento m\u00e9dico no Hospital Municipal Alu\u00edzio Bezerra.<\/h3>\n<h3>Bolsonaro chegou a Natal na madrugada desta sexta para dar\u00a0<a href=\"https:\/\/veja.abril.com.br\/coluna\/maquiavel\/rota-22-bolsonaro-lanca-caravana-pelo-brasil-e-comeca-por-reduto-de-lula\/\">in\u00edcio \u00e0s viagens da chamada Rota 22 \u2014 refer\u00eancia ao n\u00famero do PL, seu partido<\/a>. A previs\u00e3o era que ele passasse por tr\u00eas cidades do estado ao longo do dia.<\/h3>\n<h3>Com popula\u00e7\u00e3o de aproximadamente 37.000 pessoas, Santa Cruz fica a pouco mais de 100 quil\u00f4metros de Natal.<\/h3>\n<p>RK<\/p>\n","protected":false},"excerpt":{"rendered":"<p>,O ex-presidente Jair Bolsonaro\u00a0passou mal na cidade de Santa Cruz, no interior do\u00a0Rio Grande do Norte, e deu entrada em um hospital do munic\u00edpio. Neste momento, ele est\u00e1 sendo removido de\u00a0helic\u00f3ptero\u00a0para\u00a0Natal, a capital do estado. Segundo a colunista do jornal\u00a0O Globo\u00a0Bela Megale,\u00a0Bolsonaro\u00a0sentiu \u201cfortes dores\u201d em decorr\u00eancia do atentado a facada que sofreu em 2018 e [&hellip;]<\/p>\n","protected":false},"author":2,"featured_media":163530,"comment_status":"open","ping_status":"open","sticky":false,"template":"","format":"standard","meta":{"_links_to":"","_links_to_target":""},"categories":[1],"tags":[],"_links":{"self":[{"href":"https:\/\/www.blogdotarugao.com.br\/v1\/wp-json\/wp\/v2\/posts\/173987"}],"collection":[{"href":"https:\/\/www.blogdotarugao.com.br\/v1\/wp-json\/wp\/v2\/posts"}],"about":[{"href":"https:\/\/www.blogdotarugao.com.br\/v1\/wp-json\/wp\/v2\/types\/post"}],"author":[{"embeddable":true,"href":"https:\/\/www.blogdotarugao.com.br\/v1\/wp-json\/wp\/v2\/users\/2"}],"replies":[{"embeddable":true,"href":"https:\/\/www.blogdotarugao.com.br\/v1\/wp-json\/wp\/v2\/comments?post=173987"}],"version-history":[{"count":1,"href":"https:\/\/www.blogdotarugao.com.br\/v1\/wp-json\/wp\/v2\/posts\/173987\/revisions"}],"predecessor-version":[{"id":173988,"href":"https:\/\/www.blogdotarugao.com.br\/v1\/wp-json\/wp\/v2\/posts\/173987\/revisions\/173988"}],"wp:featuredmedia":[{"embeddable":true,"href":"https:\/\/www.blogdotarugao.com.br\/v1\/wp-json\/wp\/v2\/media\/163530"}],"wp:attachment":[{"href":"https:\/\/www.blogdotarugao.com.br\/v1\/wp-json\/wp\/v2\/media?parent=173987"}],"wp:term":[{"taxonomy":"category","embeddable":true,"href":"https:\/\/www.blogdotarugao.com.br\/v1\/wp-json\/wp\/v2\/categories?post=173987"},{"taxonomy":"post_tag","embeddable":true,"href":"https:\/\/www.blogdotarugao.com.br\/v1\/wp-json\/wp\/v2\/tags?post=173987"}],"curies":[{"name":"wp","href":"https:\/\/api.w.org\/{rel}","templated":true}]}}