{"id":173993,"date":"2025-04-13T22:12:56","date_gmt":"2025-04-14T01:12:56","guid":{"rendered":"https:\/\/www.blogdotarugao.com.br\/v1\/?p=173993"},"modified":"2025-04-13T22:12:56","modified_gmt":"2025-04-14T01:12:56","slug":"video-mostra-momento-exato-que-carro-pega-fogo-e-geovane-morre-cenas-fortes","status":"publish","type":"post","link":"https:\/\/www.blogdotarugao.com.br\/v1\/2025\/04\/13\/video-mostra-momento-exato-que-carro-pega-fogo-e-geovane-morre-cenas-fortes\/","title":{"rendered":"V\u00cdDEO MOSTRA MOMENTO EXATO QUE CARRO PEGA FOGO E GEOVANE MORRE, CENAS FORTES!"},"content":{"rendered":"<div><img loading=\"lazy\" class=\"alignnone  wp-image-173994 alignleft\" src=\"https:\/\/www.blogdotarugao.com.br\/v1\/wp-content\/uploads\/2025\/04\/GridArt_20250413_112104276.jpg\" alt=\"\" width=\"580\" height=\"334\" \/><\/div>\n<div><b>Um v\u00eddeo ao qual revela o <a href=\"https:\/\/www.blogdorodrigoferraz.com.br\/2025\/04\/13\/urgente-em-conquista-geovane-morreu-apos-carro-pegar-fogo-agora\/\">momento exato em que o carro conduzido por Geovane dos Reis pega fogo<\/a> nas proximidades do Hospital Geral de Vit\u00f3ria da Conquista (Hospital de Base), na manh\u00e3 deste \u00faltimo domingo (13). As imagens s\u00e3o fortes e registram a rapidez com que as chamas tomam conta do ve\u00edculo.<\/b><\/div>\n<div><b>\u00a0<\/b><\/div>\n<div><b>O v\u00eddeo circula nas redes sociais e tem gerado como\u00e7\u00e3o.<\/b><\/div>\n<div><b>\u00a0<\/b><\/div>\n<div><b>O Corpo de Bombeiros foi acionado e conseguiu conter o inc\u00eandio, mas o condutor j\u00e1 estava sem vida. O Departamento de Pol\u00edcia T\u00e9cnica (DPT) realizou a per\u00edcia e removeu o corpo para o Instituto M\u00e9dico Legal (IML).<\/b><\/div>\n<div><b>\u00a0<\/b><\/div>\n<div><b>A Pol\u00edcia Civil investigar\u00e1 o caso, e novas informa\u00e7\u00f5es devem ser divulgadas ap\u00f3s o laudo pericial. Enquanto isso, a cidade de Vit\u00f3ria da Conquista lamenta a perda de mais uma vida em circunst\u00e2ncias tr\u00e1gicas.<\/b><\/div>\n<div><b>Veja o v\u00eddeo;<\/b><\/div>\n<div class=\"separator\">\n<div>\n<div class=\"separator\"><iframe loading=\"lazy\" id=\"BLOGGER-video-16aab7463fb58cda-4319\" class=\"b-hbp-video b-uploaded\" src=\"https:\/\/www.blogger.com\/video.g?token=AD6v5dzCAe1NUW_ZmicrwX6agKIfMTotVDeWrV9RP1_DHI_WryIAyaAIjnSNNR1tE-w9t_CX1_ofBpqDwazAsW1VaOUGDyDkWYYkCKcN5GkSBLpBfwQjsoPP2H_TMD1yqR8rtIatzeM\" width=\"534\" height=\"443\" frameborder=\"0\" allowfullscreen=\"allowfullscreen\"><\/iframe><\/div>\n<\/div>\n<\/div>\n","protected":false},"excerpt":{"rendered":"<p>Um v\u00eddeo ao qual revela o momento exato em que o carro conduzido por Geovane dos Reis pega fogo nas proximidades do Hospital Geral de Vit\u00f3ria da Conquista (Hospital de Base), na manh\u00e3 deste \u00faltimo domingo (13). As imagens s\u00e3o fortes e registram a rapidez com que as chamas tomam conta do ve\u00edculo. \u00a0 O [&hellip;]<\/p>\n","protected":false},"author":2,"featured_media":173994,"comment_status":"open","ping_status":"open","sticky":false,"template":"","format":"standard","meta":{"_links_to":"","_links_to_target":""},"categories":[1],"tags":[],"_links":{"self":[{"href":"https:\/\/www.blogdotarugao.com.br\/v1\/wp-json\/wp\/v2\/posts\/173993"}],"collection":[{"href":"https:\/\/www.blogdotarugao.com.br\/v1\/wp-json\/wp\/v2\/posts"}],"about":[{"href":"https:\/\/www.blogdotarugao.com.br\/v1\/wp-json\/wp\/v2\/types\/post"}],"author":[{"embeddable":true,"href":"https:\/\/www.blogdotarugao.com.br\/v1\/wp-json\/wp\/v2\/users\/2"}],"replies":[{"embeddable":true,"href":"https:\/\/www.blogdotarugao.com.br\/v1\/wp-json\/wp\/v2\/comments?post=173993"}],"version-history":[{"count":1,"href":"https:\/\/www.blogdotarugao.com.br\/v1\/wp-json\/wp\/v2\/posts\/173993\/revisions"}],"predecessor-version":[{"id":173995,"href":"https:\/\/www.blogdotarugao.com.br\/v1\/wp-json\/wp\/v2\/posts\/173993\/revisions\/173995"}],"wp:featuredmedia":[{"embeddable":true,"href":"https:\/\/www.blogdotarugao.com.br\/v1\/wp-json\/wp\/v2\/media\/173994"}],"wp:attachment":[{"href":"https:\/\/www.blogdotarugao.com.br\/v1\/wp-json\/wp\/v2\/media?parent=173993"}],"wp:term":[{"taxonomy":"category","embeddable":true,"href":"https:\/\/www.blogdotarugao.com.br\/v1\/wp-json\/wp\/v2\/categories?post=173993"},{"taxonomy":"post_tag","embeddable":true,"href":"https:\/\/www.blogdotarugao.com.br\/v1\/wp-json\/wp\/v2\/tags?post=173993"}],"curies":[{"name":"wp","href":"https:\/\/api.w.org\/{rel}","templated":true}]}}