{"id":174303,"date":"2025-05-11T21:20:57","date_gmt":"2025-05-12T00:20:57","guid":{"rendered":"https:\/\/www.blogdotarugao.com.br\/v1\/?p=174303"},"modified":"2025-05-11T21:20:57","modified_gmt":"2025-05-12T00:20:57","slug":"mulher-cai-de-trator-durante-self-e-e-atropelada-pelo-irmao","status":"publish","type":"post","link":"https:\/\/www.blogdotarugao.com.br\/v1\/2025\/05\/11\/mulher-cai-de-trator-durante-self-e-e-atropelada-pelo-irmao\/","title":{"rendered":"MULHER CAI DE TRATOR DURANTE SELF E \u00c9 ATROPELADA PELO IRM\u00c3O"},"content":{"rendered":"<div><img loading=\"lazy\" class=\"alignnone  wp-image-174304 alignleft\" src=\"https:\/\/www.blogdotarugao.com.br\/v1\/wp-content\/uploads\/2025\/05\/GridArt_20250511_210846619.jpg\" alt=\"\" width=\"580\" height=\"326\" \/><\/div>\n<div><b>Uma mulher morreu ap\u00f3s cair de um trator ao<a href=\"https:\/\/www.bnews.com.br\/noticias\/salvador\/mulher-morre-ao-tirar-selfie-no-farol-da-barra-entenda.html\">\u00a0tentar tirar uma selfie<\/a>. A v\u00edtima estava sentada sobre o paralama do trator no momento da foto, desequilibrou-se, caiu e\u00a0<a href=\"https:\/\/www.bnews.com.br\/noticias\/cidades\/ciclista-morre-atropelado-na-estrada-do-coco-transito-fica-travado-na-regiao.html\">foi atropelada<\/a>\u00a0pela roda traseira do ve\u00edculo.<\/b><\/div>\n<div><b>\u00a0<\/b><\/div>\n<div><b>O irm\u00e3o da mulher, identificada como Maridene Moreira Leite, de 56 anos, foi quem estava dirigindo a m\u00e1quina e eles estavam a caminho da propriedade dos pais. Ela foi levada \u00e0s pressas at\u00e9 o\u00a0<a href=\"https:\/\/www.bnews.com.br\/noticias\/cidades\/denuncia-hospital-municipal-do-interior-da-bahia-esta-em-estado-calamidade-publica.html\">Hospital Municipal<\/a> de S\u00e3o Jos\u00e9 do Rio Claro, mas n\u00e3o resistiu.<\/b><\/div>\n<div><b>\u00a0<\/b><\/div>\n<div><b>A fatalidade aconteceu neste s\u00e1bado (10), no munic\u00edpio de S\u00e3o Jos\u00e9 do Rio Claro, a 297 km de Cuiab\u00e1, no Mato Grosso. A Per\u00edcia Oficial e Identifica\u00e7\u00e3o T\u00e9cnica (Politec) foi acionada e encaminhou o corpo ao Instituto M\u00e9dico Legal (IML). A Pol\u00edcia Civil vai investigar o caso.<\/b><\/div>\n<div>RK<\/div>\n","protected":false},"excerpt":{"rendered":"<p>Uma mulher morreu ap\u00f3s cair de um trator ao\u00a0tentar tirar uma selfie. A v\u00edtima estava sentada sobre o paralama do trator no momento da foto, desequilibrou-se, caiu e\u00a0foi atropelada\u00a0pela roda traseira do ve\u00edculo. \u00a0 O irm\u00e3o da mulher, identificada como Maridene Moreira Leite, de 56 anos, foi quem estava dirigindo a m\u00e1quina e eles estavam [&hellip;]<\/p>\n","protected":false},"author":2,"featured_media":174305,"comment_status":"open","ping_status":"open","sticky":false,"template":"","format":"standard","meta":{"_links_to":"","_links_to_target":""},"categories":[1],"tags":[],"_links":{"self":[{"href":"https:\/\/www.blogdotarugao.com.br\/v1\/wp-json\/wp\/v2\/posts\/174303"}],"collection":[{"href":"https:\/\/www.blogdotarugao.com.br\/v1\/wp-json\/wp\/v2\/posts"}],"about":[{"href":"https:\/\/www.blogdotarugao.com.br\/v1\/wp-json\/wp\/v2\/types\/post"}],"author":[{"embeddable":true,"href":"https:\/\/www.blogdotarugao.com.br\/v1\/wp-json\/wp\/v2\/users\/2"}],"replies":[{"embeddable":true,"href":"https:\/\/www.blogdotarugao.com.br\/v1\/wp-json\/wp\/v2\/comments?post=174303"}],"version-history":[{"count":1,"href":"https:\/\/www.blogdotarugao.com.br\/v1\/wp-json\/wp\/v2\/posts\/174303\/revisions"}],"predecessor-version":[{"id":174306,"href":"https:\/\/www.blogdotarugao.com.br\/v1\/wp-json\/wp\/v2\/posts\/174303\/revisions\/174306"}],"wp:featuredmedia":[{"embeddable":true,"href":"https:\/\/www.blogdotarugao.com.br\/v1\/wp-json\/wp\/v2\/media\/174305"}],"wp:attachment":[{"href":"https:\/\/www.blogdotarugao.com.br\/v1\/wp-json\/wp\/v2\/media?parent=174303"}],"wp:term":[{"taxonomy":"category","embeddable":true,"href":"https:\/\/www.blogdotarugao.com.br\/v1\/wp-json\/wp\/v2\/categories?post=174303"},{"taxonomy":"post_tag","embeddable":true,"href":"https:\/\/www.blogdotarugao.com.br\/v1\/wp-json\/wp\/v2\/tags?post=174303"}],"curies":[{"name":"wp","href":"https:\/\/api.w.org\/{rel}","templated":true}]}}