{"id":17435,"date":"2014-10-08T13:51:04","date_gmt":"2014-10-08T16:51:04","guid":{"rendered":"http:\/\/www.blogdotarugao.com.br\/v1\/?p=17435"},"modified":"2014-10-08T13:51:04","modified_gmt":"2014-10-08T16:51:04","slug":"epoca-divulga-nesta-quarta-primeira-pesquisa-sobre-segundo-turno-entre-dilma-e-aecio","status":"publish","type":"post","link":"https:\/\/www.blogdotarugao.com.br\/v1\/2014\/10\/08\/epoca-divulga-nesta-quarta-primeira-pesquisa-sobre-segundo-turno-entre-dilma-e-aecio\/","title":{"rendered":"\u00c9POCA divulga nesta quarta primeira pesquisa sobre segundo turno entre Dilma e A\u00e9cio"},"content":{"rendered":"<div class=\"foto componente_materia midia-largura-620\" style=\"color: #444444;\">\n<h3 id=\"linha_fina\" style=\"color: gray;\">Instituto Paran\u00e1 Pesquisas realiza o primeiro levantamento ap\u00f3s a defini\u00e7\u00e3o dos candidatos que se enfrentar\u00e3o no dia 26<\/h3>\n<\/div>\n<div class=\"foto componente_materia midia-largura-620\" style=\"color: #444444;\"><img loading=\"lazy\" title=\"Dilma Rousseff e A\u00e9cio Neves se enfrentar\u00e3o no segundo turno no dia 26 (Foto: Andre Penner,Eraldo Peres\/AP)\" src=\"http:\/\/s2.glbimg.com\/SYp3xouM9DARkPa6Rz2CoodPLcQ=\/620x190\/e.glbimg.com\/og\/ed\/f\/original\/2014\/10\/08\/dilma_aecio_segundo2.jpg\" alt=\"Dilma Rousseff e A\u00e9cio Neves se enfrentar\u00e3o no segundo turno no dia 26 (Foto: Andre Penner,Eraldo Peres\/AP)\" width=\"620\" height=\"190\" \/><label class=\"foto-legenda\">Dilma Rousseff e A\u00e9cio Neves se enfrentar\u00e3o no segundo turno no dia 26 (Foto: Andre Penner,Eraldo Peres\/AP)<\/label><\/div>\n<p class=\"capitalize\" style=\"color: #444444;\">\u00c9POCA divulgar\u00e1 nesta quarta-feira (8) a primeira pesquisa eleitoral sobre o segundo turno entre\u00a0<a style=\"font-weight: bolder; color: blue;\" href=\"http:\/\/epoca.globo.com\/?s=Dilma%20Rousseff\" target=\"_parent\">Dilma Rousseff<\/a>\u00a0(PT) e\u00a0<a style=\"font-weight: bolder; color: blue;\" href=\"http:\/\/epoca.globo.com\/?s=A%C3%A9cio%20Neves\" target=\"_parent\">A\u00e9cio Neves<\/a>\u00a0(PSDB), realizada ap\u00f3s o resultado do primeiro turno. O levantamento \u00e9 do Instituto Paran\u00e1 de Pesquisas, registrado no Tribunal Superior Eleitoral (TSE) sob o n\u00famero BR-01065\/2014.<\/p>\n<p style=\"color: #444444;\">No primeiro turno, a presidente Dilma obteve 43.267.668 dos votos v\u00e1lidos (41,6%). A\u00e9cio ficou com 34.897.211 votos (33,5%). Nas pr\u00f3ximas semanas, as duas campanhas disputar\u00e3o principalmente os 22.176.619 votos que foram para Marina Silva (PSB). Esta primeira pesquisa dever\u00e1 dar sinais sobre como o eleitorado se comportar\u00e1 na vota\u00e7\u00e3o do dia 26 de outubro.<\/p>\n","protected":false},"excerpt":{"rendered":"<p>Instituto Paran\u00e1 Pesquisas realiza o primeiro levantamento ap\u00f3s a defini\u00e7\u00e3o dos candidatos que se enfrentar\u00e3o no dia 26 Dilma Rousseff e A\u00e9cio Neves se enfrentar\u00e3o no segundo turno no dia 26 (Foto: Andre Penner,Eraldo Peres\/AP) \u00c9POCA divulgar\u00e1 nesta quarta-feira (8) a primeira pesquisa eleitoral sobre o segundo turno entre\u00a0Dilma Rousseff\u00a0(PT) e\u00a0A\u00e9cio Neves\u00a0(PSDB), realizada ap\u00f3s o [&hellip;]<\/p>\n","protected":false},"author":2,"featured_media":0,"comment_status":"open","ping_status":"open","sticky":false,"template":"","format":"standard","meta":{"_links_to":"","_links_to_target":""},"categories":[21,29,1,7],"tags":[],"_links":{"self":[{"href":"https:\/\/www.blogdotarugao.com.br\/v1\/wp-json\/wp\/v2\/posts\/17435"}],"collection":[{"href":"https:\/\/www.blogdotarugao.com.br\/v1\/wp-json\/wp\/v2\/posts"}],"about":[{"href":"https:\/\/www.blogdotarugao.com.br\/v1\/wp-json\/wp\/v2\/types\/post"}],"author":[{"embeddable":true,"href":"https:\/\/www.blogdotarugao.com.br\/v1\/wp-json\/wp\/v2\/users\/2"}],"replies":[{"embeddable":true,"href":"https:\/\/www.blogdotarugao.com.br\/v1\/wp-json\/wp\/v2\/comments?post=17435"}],"version-history":[{"count":1,"href":"https:\/\/www.blogdotarugao.com.br\/v1\/wp-json\/wp\/v2\/posts\/17435\/revisions"}],"predecessor-version":[{"id":17436,"href":"https:\/\/www.blogdotarugao.com.br\/v1\/wp-json\/wp\/v2\/posts\/17435\/revisions\/17436"}],"wp:attachment":[{"href":"https:\/\/www.blogdotarugao.com.br\/v1\/wp-json\/wp\/v2\/media?parent=17435"}],"wp:term":[{"taxonomy":"category","embeddable":true,"href":"https:\/\/www.blogdotarugao.com.br\/v1\/wp-json\/wp\/v2\/categories?post=17435"},{"taxonomy":"post_tag","embeddable":true,"href":"https:\/\/www.blogdotarugao.com.br\/v1\/wp-json\/wp\/v2\/tags?post=17435"}],"curies":[{"name":"wp","href":"https:\/\/api.w.org\/{rel}","templated":true}]}}