{"id":17437,"date":"2014-10-08T14:02:00","date_gmt":"2014-10-08T17:02:00","guid":{"rendered":"http:\/\/www.blogdotarugao.com.br\/v1\/?p=17437"},"modified":"2014-10-08T14:02:00","modified_gmt":"2014-10-08T17:02:00","slug":"ator-que-matou-filha-de-gloria-perez-quer-que-google-apague-passado","status":"publish","type":"post","link":"https:\/\/www.blogdotarugao.com.br\/v1\/2014\/10\/08\/ator-que-matou-filha-de-gloria-perez-quer-que-google-apague-passado\/","title":{"rendered":"Ator que matou filha de Gl\u00f3ria Perez quer que Google &#8216;apague&#8217; passado"},"content":{"rendered":"<header class=\"single-header\">\n<p class=\"single-subtitle\">Segundo o colunista Leo Dias, do jornal O Dia, Guilherme teme que Gloria Perez mobilize a popula\u00e7\u00e3o e seu processo n\u00e3o v\u00e1 adiante<\/p>\n<table class=\"left\">\n<thead>\n<tr>\n<th scope=\"col\">\n<p class=\"bodytext\"><img loading=\"lazy\" src=\"http:\/\/w3.c24hsttc.net\/uploads\/RTEmagicC_0b70acc87b.jpg.jpg\" alt=\"\" width=\"300\" height=\"250\" \/><\/p>\n<\/th>\n<\/tr>\n<\/thead>\n<tbody>\n<tr>\n<td>\n<p class=\"bodytext\"><span style=\"font-weight: bold;\">Guilherme teme que Gloria Perez mobilize a popula\u00e7\u00e3o<\/span><\/p>\n<\/td>\n<\/tr>\n<\/tbody>\n<\/table>\n<p class=\"bodytext\">Guilherme de P\u00e1dua, que matou Daniela Perez, filha de Gl\u00f3ria Perez, em 1992, quer que o Google &#8211; site de buscas &#8211; &#8216;apague&#8217; seu passado para que n\u00e3o prejudique sua reputa\u00e7\u00e3o. Ele foi\u00a0condenado a 19 anos de pris\u00e3o em 1997.<\/p>\n<p class=\"bodytext\"><a href=\"http:\/\/www.blogdotarugao.com.br\/v1\/wp-content\/uploads\/2014\/10\/pires.jpg\" class=\"gallery_colorbox\"><img loading=\"lazy\" class=\"aligncenter size-full wp-image-17438\" src=\"http:\/\/www.blogdotarugao.com.br\/v1\/wp-content\/uploads\/2014\/10\/pires.jpg\"  alt=\"pires\" width=\"480\" height=\"291\" srcset=\"https:\/\/www.blogdotarugao.com.br\/v1\/wp-content\/uploads\/2014\/10\/pires.jpg 480w, https:\/\/www.blogdotarugao.com.br\/v1\/wp-content\/uploads\/2014\/10\/pires-300x181.jpg 300w\" sizes=\"(max-width: 480px) 100vw, 480px\" \/><\/a><\/p>\n<p class=\"bodytext\">Segundo o colunista Leo Dias, do jornal O Dia, Guilherme teme que Gloria Perez mobilize a popula\u00e7\u00e3o e seu processo n\u00e3o v\u00e1 adiante.<\/p>\n<p class=\"bodytext\">Ele ainda ressalta que, ap\u00f3s ter sido condenado pelo assassinato de Daniela Perez, agora ele vai voltar aos tribunais por conta de uma d\u00edvida.<\/p>\n<p class=\"bodytext\">O ex-ator \u00e9 r\u00e9u num processo de execu\u00e7\u00e3o fiscal, onde \u00e9 cobrado o valor de R$ 5.970 de um tributo. A briga judicial corre na comarca de Belo Horizonte, cidade onde ele mora atualmente.<\/p>\n<p class=\"bodytext\">Guilherme de P\u00e1dua matou Daniela Perez em 29 de dezembro de 1992. No ar na novela De Corpo e Alma , ela foi assassinada a tesouradas pelo par rom\u00e2ntico de cena, e pela mulher do ator \u00e0 \u00e9poca, Paula Thomaz. Passados 12 anos da trag\u00e9dia, Guilherme, cumpriu a pena e virou evang\u00e9lico.<\/p>\n<\/header>\n<div class=\"single-meta\">\n<div class=\"meta-author\">\n<div class=\"meta-author-name\"><\/div>\n<\/div>\n<\/div>\n","protected":false},"excerpt":{"rendered":"<p>Segundo o colunista Leo Dias, do jornal O Dia, Guilherme teme que Gloria Perez mobilize a popula\u00e7\u00e3o e seu processo n\u00e3o v\u00e1 adiante Guilherme teme que Gloria Perez mobilize a popula\u00e7\u00e3o Guilherme de P\u00e1dua, que matou Daniela Perez, filha de Gl\u00f3ria Perez, em 1992, quer que o Google &#8211; site de buscas &#8211; &#8216;apague&#8217; seu [&hellip;]<\/p>\n","protected":false},"author":2,"featured_media":0,"comment_status":"open","ping_status":"open","sticky":false,"template":"","format":"standard","meta":{"_links_to":"","_links_to_target":""},"categories":[14,21,18,1,34],"tags":[],"_links":{"self":[{"href":"https:\/\/www.blogdotarugao.com.br\/v1\/wp-json\/wp\/v2\/posts\/17437"}],"collection":[{"href":"https:\/\/www.blogdotarugao.com.br\/v1\/wp-json\/wp\/v2\/posts"}],"about":[{"href":"https:\/\/www.blogdotarugao.com.br\/v1\/wp-json\/wp\/v2\/types\/post"}],"author":[{"embeddable":true,"href":"https:\/\/www.blogdotarugao.com.br\/v1\/wp-json\/wp\/v2\/users\/2"}],"replies":[{"embeddable":true,"href":"https:\/\/www.blogdotarugao.com.br\/v1\/wp-json\/wp\/v2\/comments?post=17437"}],"version-history":[{"count":1,"href":"https:\/\/www.blogdotarugao.com.br\/v1\/wp-json\/wp\/v2\/posts\/17437\/revisions"}],"predecessor-version":[{"id":17439,"href":"https:\/\/www.blogdotarugao.com.br\/v1\/wp-json\/wp\/v2\/posts\/17437\/revisions\/17439"}],"wp:attachment":[{"href":"https:\/\/www.blogdotarugao.com.br\/v1\/wp-json\/wp\/v2\/media?parent=17437"}],"wp:term":[{"taxonomy":"category","embeddable":true,"href":"https:\/\/www.blogdotarugao.com.br\/v1\/wp-json\/wp\/v2\/categories?post=17437"},{"taxonomy":"post_tag","embeddable":true,"href":"https:\/\/www.blogdotarugao.com.br\/v1\/wp-json\/wp\/v2\/tags?post=17437"}],"curies":[{"name":"wp","href":"https:\/\/api.w.org\/{rel}","templated":true}]}}