{"id":17448,"date":"2014-10-08T20:03:02","date_gmt":"2014-10-08T23:03:02","guid":{"rendered":"http:\/\/www.blogdotarugao.com.br\/v1\/?p=17448"},"modified":"2014-10-08T20:17:02","modified_gmt":"2014-10-08T23:17:02","slug":"pv-e-eduardo-jorge-anunciam-apoio-a-aecio-neves-no-segundo-turno","status":"publish","type":"post","link":"https:\/\/www.blogdotarugao.com.br\/v1\/2014\/10\/08\/pv-e-eduardo-jorge-anunciam-apoio-a-aecio-neves-no-segundo-turno\/","title":{"rendered":"PV e Eduardo Jorge anunciam apoio a A\u00e9cio Neves no segundo turno"},"content":{"rendered":"<h2 style=\"color: #929292;\">Partido decidiu por 33 votos a 6 durante reuni\u00e3o da comiss\u00e3o executiva. Segundo Jorge, quinto colocado no primeiro turno, A\u00e9cio \u00e9 &#8216;mais pr\u00f3ximo&#8217;.<\/h2>\n<div class=\"foto componente_materia midia-largura-620\" style=\"color: #000000;\"><img loading=\"lazy\" title=\"O candidato derrotado do PV, Eduardo Jorge (centro), e o presidente da sigla, Jos\u00e9 Luiz Penna, durante o an\u00fancio da posi\u00e7\u00e3o da sigla no segundo turno (Foto: Gabriel Luiz \/ G1)\" src=\"http:\/\/s2.glbimg.com\/Pun-hIyYpTrXxKHYhyh78WD9q8g=\/s.glbimg.com\/jo\/g1\/f\/original\/2014\/10\/08\/pv.jpg\" alt=\"O candidato derrotado do PV, Eduardo Jorge (centro), e o presidente da sigla, Jos\u00e9 Luiz Penna, durante o an\u00fancio da posi\u00e7\u00e3o da sigla no segundo turno (Foto: Gabriel Luiz \/ G1)\" width=\"610\" height=\"458\" \/><strong>O candidato derrotado do PV, Eduardo Jorge (centro), e o presidente da sigla, Jos\u00e9 Luiz Penna, durante o an\u00fancio da posi\u00e7\u00e3o da sigla no segundo turno (Foto: Gabriel Luiz \/ G1)<\/strong><\/div>\n<p>O presidente do Partido Verde, Jos\u00e9 Luiz Penna, e o candidato derrotado da legenda \u00e0 Presid\u00eancia,\u00a0<a class=\"premium-tip\" style=\"font-weight: bold; color: #a80000;\" href=\"http:\/\/g1.globo.com\/politica\/politico\/eduardo-jorge-sobrinho.html\">Eduardo Jorge<\/a>, anunciaram na tarde desta quarta-feira (8), em Bras\u00edlia, apoio ao tucano A\u00e9cio Neves, que disputar\u00e1 o segundo turno da elei\u00e7\u00e3o presidencial contra Dilma Rousseff (PT). O an\u00fancio foi feito ap\u00f3s reuni\u00e3o da comiss\u00e3o executiva do\u00a0<a class=\"premium-tip\" style=\"font-weight: bold; color: #a80000;\" href=\"http:\/\/g1.globo.com\/topico\/pv.html\">PV<\/a>, que decidiu, por 33 votos a favor, seis contra e tr\u00eas absten\u00e7\u00f5es. Eduardo Jorge terminou o primeiro turno em quinto lugar, com 630.099 votos (0,61% do total) &#8220;\u00c9 claro que n\u00f3s temos nossas diferen\u00e7as [em rela\u00e7\u00e3o a A\u00e9cio Neves], mas entendemos que \u00e9 hora de marcar o nosso interesse pela altern\u00e2ncia de poder no Brasil&#8221;, afirmou Jos\u00e9 Luiz Penna. Segundo Eduardo Jorge, a decis\u00e3o do partido \u00e9 uma autocr\u00edtica em rela\u00e7\u00e3o \u00e0 posi\u00e7\u00e3o adotada em 2010, quando Marina Silva concorreu pelo PV e terminou em terceiro lugar. Naquela ocasi\u00e3o, o PV declarou neutralidade no segundo turno entre Dilma e Jos\u00e9 Serra (PSDB). &#8220;Chegamos a uma conclus\u00e3o de que, embora o programa do A\u00e9cio fique muito aqu\u00e9m do nosso, \u00e9 o [programa] que fica mais pr\u00f3ximo&#8221;, declarou Eduardo Jorge. O PV elaborou um documento de quatro p\u00e1ginas, que foi entregue nesta quarta-feira \u00e0 campanha de A\u00e9cio Neves. O texto explica o apoio do partido e as posi\u00e7\u00f5es da legenda para o segundo turno. Em quatro blocos, defende temas como a reforma pol\u00edtica, o fim do financiamento privado de campanhas, a redu\u00e7\u00e3o da jornada de trabalho de 40 horas e a defesa do meio ambiente. Eduardo Jorge afirmou que existem semelhan\u00e7as entre as propostas do partido e as do atual governo, do ponto de vista de pol\u00edticas sociais. Mas ele criticou a pol\u00edtica ambiental da presidente Dilma Rousseff. \u201cO governo do PT \u00e9 praticamente uma avers\u00e3o ao equil\u00edbrio ecol\u00f3gico e desenvolvimento ambiental\u201d, disse o candidato do PV, ao criticar a prioridade ao petr\u00f3leo como principal fonte de energia. Eduardo Jorge disse o PV dar\u00e1 apoio a A\u00e9cio de forma \u201ccr\u00edtica e independente\u201d. Segundo ele, o partido n\u00e3o ir\u00e1 \u201carriar as bandeiras\u201d que defende. Tamb\u00e9m afirmou que o PV n\u00e3o pede nada em troca do apoio. \u201cEntre A [Dilma] e B [A\u00e9cio], a candidatura de B \u00e9 a mais pr\u00f3xima de nossas teses.\u201d Questionado se o eleitor que votou no Partido Verde no primeiro turno concordar\u00e1 com o apoio a A\u00e9cio, Eduardo Jorge afirmou que a raz\u00e3o do partido n\u00e3o \u00e9 \u201cabsoluta\u201d e que a decis\u00e3o do partido foi feita em um \u201cesfor\u00e7o baseado em argumentos racionais\u201d. \u201cMinha verdade pode estar parcialmente errada\u201d, disse Jorge. \u201cN\u00f3s queremos argumentar. Ningu\u00e9m \u00e9 inimigo da gente. Podemos ser advers\u00e1rios em algumas ideias, mas n\u00e3o somos inimigos\u201d, declarou, em refer\u00eancia a Dilma.<\/p>\n<p>Leia abaixo nota divulgada pelo partido.<!--more--><\/p>\n<p><em>O PV \u00c9 UM PARTIDO AMBIENTALISTA E INDEPENDENTE<\/em> <em>1 &#8211; <\/em><\/p>\n<p><em>O PV \u00e9 um partido democr\u00e1tico e antitotalit\u00e1rio que quer construir um Brasil melhor. A posi\u00e7\u00e3o de neutralidade, no caso de um partido pol\u00edtico como o nosso, n\u00e3o \u00e9 aceit\u00e1vel. No segundo turno, que vai decidir os rumos do Brasil nos pr\u00f3ximos anos, n\u00e3o podemos nos omitir.<\/em> <em>Seria um ego\u00edsmo partid\u00e1rio. Uma posi\u00e7\u00e3o at\u00e9 c\u00f4moda que preservaria o PV para futuros embates, por\u00e9m n\u00e3o construtiva. N\u00f3s moramos no Brasil. Nossos filhos e netos vivem no Brasil. O que acontecer\u00e1 aqui nos pr\u00f3ximos anos tamb\u00e9m \u00e9 de nossa responsabilidade. Os dois partidos em disputa governam o Brasil h\u00e1 20 anos. Possuem m\u00e9ritos que temos a tranquilidade de reconhecer, como tamb\u00e9m limita\u00e7\u00f5es e erros graves que apontamos nos \u00faltimos meses.<\/em> <em>2 &#8211; Compara\u00e7\u00e3o dos finalistas com as ideias do PV Os dois candidatos s\u00e3o da mesma fam\u00edlia de partidos. Partidos do campo dito socialista. Um, social-democrata e outro marxista. Ambos com temperos liberais e neoliberais&#8230; Dif\u00edcil classific\u00e1-los como mais direita ou mais esquerda, mesmo para aqueles que continuam vendo o mundo por essa classifica\u00e7\u00e3o da Revolu\u00e7\u00e3o Francesa.<\/em> <em>Vamos olhar alguns temas que s\u00e3o importantes para n\u00f3s do Partido Verde, um partido ambientalista.<\/em> <em>2.1 \u2013 Mais democracia N\u00f3s queremos parlamentarismo\/ voto distrital misto\/ voto facultativo\/ suspens\u00e3o de financiamento de campanha por empresas. Pol\u00edtica para servir e n\u00e3o pol\u00edtica como neg\u00f3cio. Mais democracia representativa e intera\u00e7\u00e3o com a democracia participativa e direta. O \u00fanico ponto de contato que achamos no programa dos finalistas \u00e9 a cita\u00e7\u00e3o de A\u00e9cio do voto distrital misto.<\/em> <em>2.2 \u2013 Descentraliza\u00e7\u00e3o e servi\u00e7o p\u00fablico profissionalizado Redivis\u00e3o de recursos p\u00fablicos para reequilibrar a federa\u00e7\u00e3o em favor dos munic\u00edpios. Corte severo do n\u00famero de cargos de confian\u00e7a. Corte de minist\u00e9rios, de 39 para 14 (incluindo nos 14, um minist\u00e9rio para o Nordeste e outro para a Amaz\u00f4nia). Fim do loteamento pol\u00edtico das estatais.<\/em> <em>Sobre isso h\u00e1 poucas men\u00e7\u00f5es no programa A\u00e9cio. O governo Dilma radicalizou perigosamente o aparelhamento partid\u00e1rio e clientelista do estado e das empresas estatais, com graves consequ\u00eancias para o futuro da democracia no Brasil.<\/em> <em>2.3 Desenvolvimento sustent\u00e1vel Inclui economia verde \/ inclus\u00e3o social \/ equil\u00edbrio ambiental. Queremos diminuir de forma sustent\u00e1vel a dist\u00e2ncia entre a riqueza e a pobreza no pa\u00eds. Investimentos para universaliza\u00e7\u00e3o da educa\u00e7\u00e3o e sa\u00fade, recupera\u00e7\u00e3o do sal\u00e1rio m\u00ednimo, jornada de 40 horas j\u00e1, pol\u00edticas focadas como Bolsa Fam\u00edlia e cotas com est\u00edmulos para sua supera\u00e7\u00e3o ao longo do tempo. Investimento em promo\u00e7\u00e3o da sa\u00fade e Programa Sa\u00fade da Fam\u00edlia (PSF). Carreira nacional de base municipal para professores e profissionais de sa\u00fade do PSF. Previd\u00eancia justa, equilibrada e igualit\u00e1ria.<\/em> <em>Essas teses s\u00e3o compat\u00edveis com um futuro governo Dilma ou A\u00e9cio.<\/em> <em>J\u00e1 no caso da economia verde e equil\u00edbrio ambiental, queremos uma centralidade no combate \u00e0s mudan\u00e7as clim\u00e1ticas e preserva\u00e7\u00e3o da biodiversidade. Precifica\u00e7\u00e3o de carbono; redu\u00e7\u00e3o progressiva dos combust\u00edveis f\u00f3sseis na nossa matriz energ\u00e9tica; substitui\u00e7\u00e3o do diesel e da gasolina por combust\u00edveis limpos para purificar o ar das cidades. Al\u00e9m disso, efici\u00eancia energ\u00e9tica; uma Petrobr\u00e1s renov\u00e1vel; apoio ao etanol; investimentos em energia limpa, principalmente solar (solariza\u00e7\u00e3o de um milh\u00e3o de resid\u00eancias em quatro anos).<\/em> <em>Organizar comit\u00eas de bacias em todos os nossos rios e a partir delas fazer o planejamento urbano, rural e de saneamento b\u00e1sico. Desmatamento zero e recupera\u00e7\u00e3o de \u00e1reas degradas em todos os biomas. Reforma agr\u00e1ria com instala\u00e7\u00e3o dos cintur\u00f5es verdes com agricultura familiar e org\u00e2nica em volta de cada cidade, para produ\u00e7\u00e3o de alimenta\u00e7\u00e3o saud\u00e1vel livre de agrot\u00f3xicos.<\/em> <em>Reorientar a agroind\u00fastria e a ind\u00fastria de alimentos para produ\u00e7\u00e3o de alimentos mais saud\u00e1veis com a diminui\u00e7\u00e3o de gordura, aditivos, sal, a\u00e7\u00facar e carne. Reorientar o agroneg\u00f3cio para um padr\u00e3o sustent\u00e1vel de produ\u00e7\u00e3o.<\/em> <em>Habita\u00e7\u00e3o sustent\u00e1vel para todas as classes sociais. Conceito de cidade compacta e respeito \u00e0s \u00e1reas de prote\u00e7\u00e3o permanentes (APPs) nos centros urbanos. Arboriza\u00e7\u00e3o e parques naturais lineares e urbanos. Prioridade m\u00e1xima para o saneamento, inclusive para o cumprimento da lei dos res\u00edduos s\u00f3lidos. Lan\u00e7ar o desafio de Lixo Zero para ind\u00fastrias e cidades.\u00a0<\/em> <em>Nesses assuntos de economia verde e equil\u00edbrio ambiental, a colheita \u00e9 relativamente escassa no campo dos dois candidatos. No entanto, o balan\u00e7o \u00e9 muito desfavor\u00e1vel a Dilma. Seu partido \u00e9 pr\u00f3-combust\u00edvel f\u00f3ssil e ref\u00e9m da ind\u00fastria do petr\u00f3leo e das multinacionais montadoras de ve\u00edculos privados.<\/em> <em>3 &#8211; Cultura de paz Direitos humanos, direitos sociais, equidade. Respeito e resgate de direitos para os ind\u00edgenas brasileiros, supera\u00e7\u00e3o de qualquer tipo de discrimina\u00e7\u00e3o religiosa, racial, cultural, de idade ou de g\u00eanero. Inclus\u00e3o das pessoas com defici\u00eancia.<\/em> <em>Total respeito e direitos plenos para os que querem ver respeitados sua livre orienta\u00e7\u00e3o sexual.<\/em> <em>Revoga\u00e7\u00e3o da lei que sacrifica \u00e0s mulheres brasileiras que por algum motivo interrompem voluntariamente uma gesta\u00e7\u00e3o.<\/em> <em>Retomada da discuss\u00e3o do desarmamento de civis; redu\u00e7\u00e3o de gastos militares; aboli\u00e7\u00e3o do servi\u00e7o militar obrigat\u00f3rio.<\/em> <em>Uma nova administra\u00e7\u00e3o penitenci\u00e1ria. Foco no sistema de alternativas penais na cria\u00e7\u00e3o de uma estrutura poderosa para os regimes abertos e semi-abertos. Aplica\u00e7\u00e3o da lei das cautelares aos casos de pris\u00e3o provis\u00f3ria visando retomar o controle das penitenci\u00e1rias, humaniz\u00e1-las e reduzir os \u00edndices de reincid\u00eancia. Manter a maioridade penal em 18 anos como previsto no Estatuto da Crian\u00e7a e do Adolescente (ECA).<\/em> <em>Enfrentar a economia do crime com uma nova e inteligente pol\u00edtica para reduzir os danos das drogas psicoativas, ditas ilegais. Legaliza\u00e7\u00e3o, regula\u00e7\u00e3o e orienta\u00e7\u00e3o dos usu\u00e1rios pelo sistema de sa\u00fade.<\/em> <em>Preven\u00e7\u00e3o da viol\u00eancia no tr\u00e2nsito com apoio aos pedestres, IPI zero para estimular o uso de bicicletas nas cidades.<\/em> <em>Bem-estar animal como uma nova pol\u00edtica de conviv\u00eancia n\u00e3o antropoc\u00eantrica entre humanos e todos os outros seres vivos silvestres, de estima\u00e7\u00e3o, de trabalho, ou os que s\u00e3o criados em fazendas.<\/em> <em>Estas pautas evidentemente s\u00e3o deficit\u00e1rias ou ausentes, tanto no campo da Dilma quanto do A\u00e9cio.<\/em> <em>Fique claro que s\u00e3o pautas das quais o PV n\u00e3o abrir\u00e1 m\u00e3o de lutar com denodo nos pr\u00f3ximos anos, aconte\u00e7a o que acontecer neste segundo turno.<\/em> <em>4 &#8211; Este breve balan\u00e7o mostra que A\u00e9cio e Dilma s\u00e3o igualmente deficit\u00e1rios e devedores nas pol\u00edticas que o PV agrupa no cap\u00edtulo Cultura de Paz.<\/em> <em>Mostra que na quest\u00e3o da inclus\u00e3o social s\u00e3o semelhantes e compat\u00edveis com nossas ideias.<\/em> <em>Mostra que na quest\u00e3o da economia verde\/equil\u00edbrio ambiental o p\u00eandulo se inclina para o A\u00e9cio pela evidente avers\u00e3o do PV por essa pauta.<\/em> <em>Finalmente, nas quest\u00f5es democr\u00e1ticas de conforma\u00e7\u00e3o da federa\u00e7\u00e3o e da profissionaliza\u00e7\u00e3o dos servi\u00e7os p\u00fablicos e empresas estatais, o campo da Dilma deixou muito a desejar no \u00faltimo per\u00edodo de governo.<\/em> <em>Com esse conjunto de compara\u00e7\u00f5es, o PV, respeitando os m\u00e9ritos, limita\u00e7\u00f5es e defici\u00eancias que existem nos dois campos em luta no segundo turno, decide pelo apoio cr\u00edtico e independente ao candidato A\u00e9cio Neves.<\/em> <em>Cr\u00edtico, pois continuaremos sem qualquer recuo com as nossas bandeiras que n\u00e3o forem acolhidas por este candidato. Independente, pois nada pedimos em troca do nosso apoio.<\/em> <em>O PV cumpre sua obriga\u00e7\u00e3o pol\u00edtica e democr\u00e1tica de se posicionar em um segundo turno decidido pelo povo brasileiro e preserva integralmente seu car\u00e1ter e seu papel de partido ambientalista representante da corrente internacional dos partidos verdes no mundo.<\/em> <em>Um partido necess\u00e1rio para constru\u00e7\u00e3o de um Brasil justo democr\u00e1tico e sustent\u00e1vel.<\/em> <em>Dire\u00e7\u00e3o Nacional do Partido Verde Bras\u00edlia, 8 de outubro de 2014<\/em><\/p>\n","protected":false},"excerpt":{"rendered":"<p>Partido decidiu por 33 votos a 6 durante reuni\u00e3o da comiss\u00e3o executiva. Segundo Jorge, quinto colocado no primeiro turno, A\u00e9cio \u00e9 &#8216;mais pr\u00f3ximo&#8217;. O candidato derrotado do PV, Eduardo Jorge (centro), e o presidente da sigla, Jos\u00e9 Luiz Penna, durante o an\u00fancio da posi\u00e7\u00e3o da sigla no segundo turno (Foto: Gabriel Luiz \/ G1) O [&hellip;]<\/p>\n","protected":false},"author":2,"featured_media":0,"comment_status":"open","ping_status":"open","sticky":false,"template":"","format":"standard","meta":{"_links_to":"","_links_to_target":""},"categories":[21,29,2,1,7],"tags":[],"_links":{"self":[{"href":"https:\/\/www.blogdotarugao.com.br\/v1\/wp-json\/wp\/v2\/posts\/17448"}],"collection":[{"href":"https:\/\/www.blogdotarugao.com.br\/v1\/wp-json\/wp\/v2\/posts"}],"about":[{"href":"https:\/\/www.blogdotarugao.com.br\/v1\/wp-json\/wp\/v2\/types\/post"}],"author":[{"embeddable":true,"href":"https:\/\/www.blogdotarugao.com.br\/v1\/wp-json\/wp\/v2\/users\/2"}],"replies":[{"embeddable":true,"href":"https:\/\/www.blogdotarugao.com.br\/v1\/wp-json\/wp\/v2\/comments?post=17448"}],"version-history":[{"count":4,"href":"https:\/\/www.blogdotarugao.com.br\/v1\/wp-json\/wp\/v2\/posts\/17448\/revisions"}],"predecessor-version":[{"id":17455,"href":"https:\/\/www.blogdotarugao.com.br\/v1\/wp-json\/wp\/v2\/posts\/17448\/revisions\/17455"}],"wp:attachment":[{"href":"https:\/\/www.blogdotarugao.com.br\/v1\/wp-json\/wp\/v2\/media?parent=17448"}],"wp:term":[{"taxonomy":"category","embeddable":true,"href":"https:\/\/www.blogdotarugao.com.br\/v1\/wp-json\/wp\/v2\/categories?post=17448"},{"taxonomy":"post_tag","embeddable":true,"href":"https:\/\/www.blogdotarugao.com.br\/v1\/wp-json\/wp\/v2\/tags?post=17448"}],"curies":[{"name":"wp","href":"https:\/\/api.w.org\/{rel}","templated":true}]}}