{"id":17458,"date":"2014-10-08T20:28:13","date_gmt":"2014-10-08T23:28:13","guid":{"rendered":"http:\/\/www.blogdotarugao.com.br\/v1\/?p=17458"},"modified":"2014-10-08T20:28:13","modified_gmt":"2014-10-08T23:28:13","slug":"pastor-everaldo-anuncia-apoio-do-psc-a-aecio-neves-no-segundo-turno","status":"publish","type":"post","link":"https:\/\/www.blogdotarugao.com.br\/v1\/2014\/10\/08\/pastor-everaldo-anuncia-apoio-do-psc-a-aecio-neves-no-segundo-turno\/","title":{"rendered":"Pastor Everaldo anuncia apoio do PSC a A\u00e9cio Neves no segundo turno"},"content":{"rendered":"<h2 style=\"color: #929292;\">Partido se reuniu em Bras\u00edlia para definir o apoio ao candidato do PSDB.<br \/>\nLegenda elegeu 12 deputados federais no \u00faltimo domingo (5).<\/h2>\n<div class=\"foto componente_materia midia-largura-620\" style=\"color: #000000;\"><img loading=\"lazy\" title=\"Pastor Everaldo, A\u00e9cio Neves, apoio 2\u00ba turno (Foto: Dida Sampaio\/Estad\u00e3o Conte\u00fado)\" src=\"http:\/\/s2.glbimg.com\/PuB38DTG5qZBQbE32uECxJC38n0=\/620x465\/s.glbimg.com\/jo\/g1\/f\/original\/2014\/10\/08\/pastor.png\" alt=\"Pastor Everaldo, A\u00e9cio Neves, apoio 2\u00ba turno (Foto: Dida Sampaio\/Estad\u00e3o Conte\u00fado)\" width=\"551\" height=\"413\" \/><strong>Pastor Everaldo (dir.) com o candidato tucano A\u00e9cio Neves,ao qual o PSC declarou apoio no segundo turno (Foto: Dida Sampaio\/Estad\u00e3o Conte\u00fado)<\/strong><\/div>\n<p>O\u00a0<a class=\"premium-tip\" style=\"font-weight: bold; color: #a80000;\" href=\"http:\/\/g1.globo.com\/topico\/psc.html\">PSC<\/a>, partido que lan\u00e7ou o nome de\u00a0<a class=\"premium-tip\" style=\"font-weight: bold; color: #a80000;\" href=\"http:\/\/g1.globo.com\/politica\/politico\/pastor-everaldo.html\">Pastor Everaldo<\/a>\u00a0como candidato \u00e0 Presid\u00eancia da Rep\u00fablica, anunciou nesta quarta-feira (8) que ir\u00e1 apoiar o candidato\u00a0<a class=\"premium-tip\" style=\"font-weight: bold; color: #a80000;\" href=\"http:\/\/g1.globo.com\/politica\/politico\/aecio-neves.html\">A\u00e9cio Neves<\/a>, do PSDB, no segundo turno das elei\u00e7\u00f5es. O an\u00fancio foi feito ap\u00f3s reuni\u00e3o da executiva nacional da legenda, em Bras\u00edlia.<\/p>\n<div id=\"entenda_o_caso_96\" class=\"entenda-o-caso componente_materia\" style=\"color: #000000;\"><\/div>\n<p>No primeiro turno, Pastor Everaldo recebeu 780.513 votos, 0,75% do total, e foi o quinto candidato mais votado. Ele foi superado por<a class=\"premium-tip\" style=\"font-weight: bold; color: #a80000;\" href=\"http:\/\/g1.globo.com\/politica\/politico\/dilma.html\">Dilma Rousseff<\/a>\u00a0(PT), A\u00e9cio, Marina Silva (PSB) e\u00a0<a class=\"premium-tip\" style=\"font-weight: bold; color: #a80000;\" href=\"http:\/\/g1.globo.com\/politica\/politico\/luciana-genro.html\">Luciana Genro<\/a>\u00a0(PSOL).<\/p>\n<p>&#8220;Ouvi a bancada. A executiva nacional decidiu que A\u00e9cio \u00e9 a melhor op\u00e7\u00e3o para o nosso Brasil, a op\u00e7\u00e3o de mordenidade para o pa\u00eds, a op\u00e7\u00e3o de cuidar dos pobres e mais necessitados deste pa\u00eds, a op\u00e7\u00e3o de cuidar do empreendedores deste pa\u00eds&#8221;, disse o Pastor Everaldo.<\/p>\n<p>Nesta ter\u00e7a-feira (8), o PPS, partido que forma a coliga\u00e7\u00e3o de Marina Silva,\u00a0<a style=\"font-weight: bold; color: #a80000;\" href=\"http:\/\/g1.globo.com\/politica\/eleicoes\/2014\/noticia\/2014\/10\/pps-anuncia-apoio-formal-aecio-neves-no-segundo-turno.html\">tamb\u00e9m j\u00e1 havia anunciado<\/a>\u00a0apoio a A\u00e9cio no segundo turno.<!--more--><\/p>\n<p>O pastor Everaldo disse ainda que encontr\u00e1 A\u00e9cio ainda nesta quarta para manifestar a resolu\u00e7\u00e3o do partido em apoi\u00e1-lo. Afirmou tamb\u00e9m que o PSD tem estrutura para ajudar o candidato a se eleger. &#8220;N\u00f3s temos base em toda as unidades da federa\u00e7\u00e3o e vamos, toda milit\u00e2ncia, trabalhar em favor da candidatura do senador A\u00e9cio&#8221;.<\/p>\n<p>Questionado se outro partido solicitou seu apoio, Everaldo afirmou que n\u00e3o foi procurado por &#8220;ningu\u00e9m do PT&#8221;.<\/p>\n<p>Everaldo informou que A\u00e9cio entrou em contato com o PSC na segunda-feira. &#8220;O senador A\u00e9cio ligou para n\u00f3s na segunda-feira e perguntou se n\u00f3s poder\u00edamos apoi\u00e1-lo. E ent\u00e3o n\u00f3s falamos que ir\u00edamos convocar o partido e marcamos esta conversa&#8221;, disse.<\/p>\n","protected":false},"excerpt":{"rendered":"<p>Partido se reuniu em Bras\u00edlia para definir o apoio ao candidato do PSDB. Legenda elegeu 12 deputados federais no \u00faltimo domingo (5). Pastor Everaldo (dir.) com o candidato tucano A\u00e9cio Neves,ao qual o PSC declarou apoio no segundo turno (Foto: Dida Sampaio\/Estad\u00e3o Conte\u00fado) O\u00a0PSC, partido que lan\u00e7ou o nome de\u00a0Pastor Everaldo\u00a0como candidato \u00e0 Presid\u00eancia da [&hellip;]<\/p>\n","protected":false},"author":2,"featured_media":0,"comment_status":"open","ping_status":"open","sticky":false,"template":"","format":"standard","meta":{"_links_to":"","_links_to_target":""},"categories":[6,29,1,7],"tags":[],"_links":{"self":[{"href":"https:\/\/www.blogdotarugao.com.br\/v1\/wp-json\/wp\/v2\/posts\/17458"}],"collection":[{"href":"https:\/\/www.blogdotarugao.com.br\/v1\/wp-json\/wp\/v2\/posts"}],"about":[{"href":"https:\/\/www.blogdotarugao.com.br\/v1\/wp-json\/wp\/v2\/types\/post"}],"author":[{"embeddable":true,"href":"https:\/\/www.blogdotarugao.com.br\/v1\/wp-json\/wp\/v2\/users\/2"}],"replies":[{"embeddable":true,"href":"https:\/\/www.blogdotarugao.com.br\/v1\/wp-json\/wp\/v2\/comments?post=17458"}],"version-history":[{"count":1,"href":"https:\/\/www.blogdotarugao.com.br\/v1\/wp-json\/wp\/v2\/posts\/17458\/revisions"}],"predecessor-version":[{"id":17459,"href":"https:\/\/www.blogdotarugao.com.br\/v1\/wp-json\/wp\/v2\/posts\/17458\/revisions\/17459"}],"wp:attachment":[{"href":"https:\/\/www.blogdotarugao.com.br\/v1\/wp-json\/wp\/v2\/media?parent=17458"}],"wp:term":[{"taxonomy":"category","embeddable":true,"href":"https:\/\/www.blogdotarugao.com.br\/v1\/wp-json\/wp\/v2\/categories?post=17458"},{"taxonomy":"post_tag","embeddable":true,"href":"https:\/\/www.blogdotarugao.com.br\/v1\/wp-json\/wp\/v2\/tags?post=17458"}],"curies":[{"name":"wp","href":"https:\/\/api.w.org\/{rel}","templated":true}]}}