{"id":174789,"date":"2025-07-13T19:40:04","date_gmt":"2025-07-13T22:40:04","guid":{"rendered":"https:\/\/www.blogdotarugao.com.br\/v1\/?p=174789"},"modified":"2025-07-13T19:40:04","modified_gmt":"2025-07-13T22:40:04","slug":"brasil-deve-publicar-decreto-de-retaliacao-a-tarifas-dos-eua-ate-terca-diz-alckmin","status":"publish","type":"post","link":"https:\/\/www.blogdotarugao.com.br\/v1\/2025\/07\/13\/brasil-deve-publicar-decreto-de-retaliacao-a-tarifas-dos-eua-ate-terca-diz-alckmin\/","title":{"rendered":"BRASIL DEVE PUBLICAR DECRETO DE RETALIA\u00c7\u00c3O A TARIFAS DOS EUA AT\u00c9 TER\u00c7A, DIZ ALCKMIN"},"content":{"rendered":"<h3><img loading=\"lazy\" class=\"alignnone  wp-image-174790\" src=\"https:\/\/www.blogdotarugao.com.br\/v1\/wp-content\/uploads\/2025\/07\/167350brasil-deve-publicar-decreto-de-retaliacao-a-tarifas-dos-eua-ate-terca-diz-alckmin-3.jpg\" alt=\"\" width=\"581\" height=\"273\" \/><\/h3>\n<h3>O vice-presidente Geraldo Alckmin informou neste domingo (13) que o governo deve publicar at\u00e9 ter\u00e7a-feira (15) o decreto que regulamenta a retalia\u00e7\u00e3o \u00e0s tarifas de 50% impostas pelos Estados Unidos sobre produtos brasileiros. A medida segue a Lei da Reciprocidade aprovada pelo Congresso Nacional. Segundo Alckmin, a a\u00e7\u00e3o americana \u00e9 injustificada e ser\u00e1 contestada na Organiza\u00e7\u00e3o Mundial do Com\u00e9rcio (OMC).<\/h3>\n<h3>O governo brasileiro argumenta que os EUA mant\u00eam super\u00e1vit na balan\u00e7a comercial com o Brasil, tanto em bens quanto em servi\u00e7os, e que a nova tarifa prejudica inclusive o consumidor norte-americano. Alckmin criticou a decis\u00e3o como unilateral e afirmou que grande parte das exporta\u00e7\u00f5es dos EUA ao Brasil j\u00e1 \u00e9 isenta de imposto.<\/h3>\n<h3>O aumento tarif\u00e1rio foi anunciado por Donald Trump, ex-presidente dos EUA e aliado de Jair Bolsonaro. A medida tem sido vista pelo governo brasileiro como politicamente motivada. Alckmin afirmou que ainda neste domingo se reunir\u00e1 com o presidente Lula para definir os pr\u00f3ximos passos da resposta oficial.<\/h3>\n<p>rk<\/p>\n","protected":false},"excerpt":{"rendered":"<p>O vice-presidente Geraldo Alckmin informou neste domingo (13) que o governo deve publicar at\u00e9 ter\u00e7a-feira (15) o decreto que regulamenta a retalia\u00e7\u00e3o \u00e0s tarifas de 50% impostas pelos Estados Unidos sobre produtos brasileiros. A medida segue a Lei da Reciprocidade aprovada pelo Congresso Nacional. Segundo Alckmin, a a\u00e7\u00e3o americana \u00e9 injustificada e ser\u00e1 contestada na [&hellip;]<\/p>\n","protected":false},"author":2,"featured_media":174790,"comment_status":"open","ping_status":"open","sticky":false,"template":"","format":"standard","meta":{"_links_to":"","_links_to_target":""},"categories":[1],"tags":[],"_links":{"self":[{"href":"https:\/\/www.blogdotarugao.com.br\/v1\/wp-json\/wp\/v2\/posts\/174789"}],"collection":[{"href":"https:\/\/www.blogdotarugao.com.br\/v1\/wp-json\/wp\/v2\/posts"}],"about":[{"href":"https:\/\/www.blogdotarugao.com.br\/v1\/wp-json\/wp\/v2\/types\/post"}],"author":[{"embeddable":true,"href":"https:\/\/www.blogdotarugao.com.br\/v1\/wp-json\/wp\/v2\/users\/2"}],"replies":[{"embeddable":true,"href":"https:\/\/www.blogdotarugao.com.br\/v1\/wp-json\/wp\/v2\/comments?post=174789"}],"version-history":[{"count":1,"href":"https:\/\/www.blogdotarugao.com.br\/v1\/wp-json\/wp\/v2\/posts\/174789\/revisions"}],"predecessor-version":[{"id":174791,"href":"https:\/\/www.blogdotarugao.com.br\/v1\/wp-json\/wp\/v2\/posts\/174789\/revisions\/174791"}],"wp:featuredmedia":[{"embeddable":true,"href":"https:\/\/www.blogdotarugao.com.br\/v1\/wp-json\/wp\/v2\/media\/174790"}],"wp:attachment":[{"href":"https:\/\/www.blogdotarugao.com.br\/v1\/wp-json\/wp\/v2\/media?parent=174789"}],"wp:term":[{"taxonomy":"category","embeddable":true,"href":"https:\/\/www.blogdotarugao.com.br\/v1\/wp-json\/wp\/v2\/categories?post=174789"},{"taxonomy":"post_tag","embeddable":true,"href":"https:\/\/www.blogdotarugao.com.br\/v1\/wp-json\/wp\/v2\/tags?post=174789"}],"curies":[{"name":"wp","href":"https:\/\/api.w.org\/{rel}","templated":true}]}}