{"id":17483,"date":"2014-10-09T13:52:12","date_gmt":"2014-10-09T16:52:12","guid":{"rendered":"http:\/\/www.blogdotarugao.com.br\/v1\/?p=17483"},"modified":"2014-10-09T14:12:37","modified_gmt":"2014-10-09T17:12:37","slug":"dilma-desiste-de-caminhada-ate-igreja-do-bonfim-por-conta-do-sol-quente","status":"publish","type":"post","link":"https:\/\/www.blogdotarugao.com.br\/v1\/2014\/10\/09\/dilma-desiste-de-caminhada-ate-igreja-do-bonfim-por-conta-do-sol-quente\/","title":{"rendered":"Dilma desiste de caminhada at\u00e9 Igreja do Bonfim por conta do sol quente"},"content":{"rendered":"<div style=\"color: #444444;\"><img loading=\"lazy\" src=\"http:\/\/www.bocaonews.com.br\/ckfinder\/userfiles\/fotos_e_imagens\/POLITICA\/BAHIA\/GOVERNADOR\/dilma_caminhada_fotodavidmendes-bocaonews.jpg\" alt=\"\" width=\"515\" height=\"386\" \/>A presidente Dilma Roussef (PT) desistiu da caminhada que faria por causa do sol quente do Largo de Roma \u00e0 Igreja do Bonfim, em Salvador, no fim da manh\u00e3 desta quinta-feira (9). Ap\u00f3s visitar o santu\u00e1rio de Irm\u00e3 Dulce, no Largo de Roma, a candidata seguiu em comitiva de carro at\u00e9 a igreja do Bonfim.<\/div>\n<div id=\"cke_pastebin\" style=\"color: #444444;\"><\/div>\n<div id=\"cke_pastebin\" style=\"color: #444444;\">A caminhada estava prevista para come\u00e7ar \u00e0s 10h, mas o atraso se deu por conta do encontro com o prefeito. Dilma seguiu em carro fechado, enquanto a milit\u00e2ncia seguiu a p\u00e9 sem a postulante. A festa petista de apoio \u00e0 reelei\u00e7\u00e3o de Dilma dever\u00e1 acontecer na Colina Sagrada. Nesta caminhada, se comparada com o evento do primeiro turno, em Feira de Santana, o n\u00famero de militantes \u00e9 menor.<\/div>\n","protected":false},"excerpt":{"rendered":"<p>A presidente Dilma Roussef (PT) desistiu da caminhada que faria por causa do sol quente do Largo de Roma \u00e0 Igreja do Bonfim, em Salvador, no fim da manh\u00e3 desta quinta-feira (9). Ap\u00f3s visitar o santu\u00e1rio de Irm\u00e3 Dulce, no Largo de Roma, a candidata seguiu em comitiva de carro at\u00e9 a igreja do Bonfim. [&hellip;]<\/p>\n","protected":false},"author":2,"featured_media":0,"comment_status":"open","ping_status":"open","sticky":false,"template":"","format":"standard","meta":{"_links_to":"","_links_to_target":""},"categories":[6,21,29,1],"tags":[],"_links":{"self":[{"href":"https:\/\/www.blogdotarugao.com.br\/v1\/wp-json\/wp\/v2\/posts\/17483"}],"collection":[{"href":"https:\/\/www.blogdotarugao.com.br\/v1\/wp-json\/wp\/v2\/posts"}],"about":[{"href":"https:\/\/www.blogdotarugao.com.br\/v1\/wp-json\/wp\/v2\/types\/post"}],"author":[{"embeddable":true,"href":"https:\/\/www.blogdotarugao.com.br\/v1\/wp-json\/wp\/v2\/users\/2"}],"replies":[{"embeddable":true,"href":"https:\/\/www.blogdotarugao.com.br\/v1\/wp-json\/wp\/v2\/comments?post=17483"}],"version-history":[{"count":3,"href":"https:\/\/www.blogdotarugao.com.br\/v1\/wp-json\/wp\/v2\/posts\/17483\/revisions"}],"predecessor-version":[{"id":17487,"href":"https:\/\/www.blogdotarugao.com.br\/v1\/wp-json\/wp\/v2\/posts\/17483\/revisions\/17487"}],"wp:attachment":[{"href":"https:\/\/www.blogdotarugao.com.br\/v1\/wp-json\/wp\/v2\/media?parent=17483"}],"wp:term":[{"taxonomy":"category","embeddable":true,"href":"https:\/\/www.blogdotarugao.com.br\/v1\/wp-json\/wp\/v2\/categories?post=17483"},{"taxonomy":"post_tag","embeddable":true,"href":"https:\/\/www.blogdotarugao.com.br\/v1\/wp-json\/wp\/v2\/tags?post=17483"}],"curies":[{"name":"wp","href":"https:\/\/api.w.org\/{rel}","templated":true}]}}