{"id":175134,"date":"2025-09-01T07:46:23","date_gmt":"2025-09-01T10:46:23","guid":{"rendered":"https:\/\/www.blogdotarugao.com.br\/v1\/?p=175134"},"modified":"2025-09-01T08:07:15","modified_gmt":"2025-09-01T11:07:15","slug":"morre-a-catolica-maria-pereira-de-carvalho-aos-93-anos","status":"publish","type":"post","link":"https:\/\/www.blogdotarugao.com.br\/v1\/2025\/09\/01\/morre-a-catolica-maria-pereira-de-carvalho-aos-93-anos\/","title":{"rendered":"MORRE A CAT\u00d3LICA MARIA PEREIRA DE CARVALHO, AOS 93 ANOS"},"content":{"rendered":"<h3><img loading=\"lazy\" class=\"alignnone wp-image-175135\" src=\"https:\/\/www.blogdotarugao.com.br\/v1\/wp-content\/uploads\/2025\/09\/Imagem-do-WhatsApp-de-2025-09-01-as-07.40.29_aa3e84d6.jpg\" alt=\"\" width=\"580\" height=\"445\" \/><\/h3>\n<h3>\u00c9 com profundo pesar que comunicamos o falecimento de Maria Pereira de Carvalho, aos 93 anos. Devota cat\u00f3lica, ela era uma fiel integrante do Apostolado da Ora\u00e7\u00e3o da Par\u00f3quia S\u00e3o Jos\u00e9, onde dedicou grande parte de sua vida \u00e0 f\u00e9 e \u00e0 comunidade.<\/h3>\n<h3>Dona Maria deixa o legado de uma grande fam\u00edlia: seus filhos Elita, Jose Luiz, Jo\u00e3o Batista, Maria Iranir e Vanusa Carvalho. \u00c9 agora reunida no c\u00e9u com suas filhas Joselita e Tereza, j\u00e1 falecidas, e deixa tamb\u00e9m muitos netos que carregam a sua b\u00ean\u00e7\u00e3o.<\/h3>\n<h3>O sepultamento ser\u00e1 hoje, no Parque da Eternidade, localizado em Nova Itapetinga, \u00e0s 16 horas. O servi\u00e7o funer\u00e1rio ser\u00e1 realizado pela PAX Perfei\u00e7\u00e3o.<\/h3>\n<h3>Neste momento de dor e saudade, convidamos todos os amigos e conhecidos a se unirem em ora\u00e7\u00e3o pela eterna paz de sua alma. Que Deus a receba em Seu reino de luz e conforte os cora\u00e7\u00f5es de toda a sua fam\u00edlia.<\/h3>\n<h2>&#8220;Bem-aventurados os que morrem no Senhor.&#8221; (Ap 14,13)<\/h2>\n<p>RK<\/p>\n","protected":false},"excerpt":{"rendered":"<p>\u00c9 com profundo pesar que comunicamos o falecimento de Maria Pereira de Carvalho, aos 93 anos. Devota cat\u00f3lica, ela era uma fiel integrante do Apostolado da Ora\u00e7\u00e3o da Par\u00f3quia S\u00e3o Jos\u00e9, onde dedicou grande parte de sua vida \u00e0 f\u00e9 e \u00e0 comunidade. Dona Maria deixa o legado de uma grande fam\u00edlia: seus filhos Elita, [&hellip;]<\/p>\n","protected":false},"author":2,"featured_media":175135,"comment_status":"open","ping_status":"open","sticky":false,"template":"","format":"standard","meta":{"_links_to":"","_links_to_target":""},"categories":[1],"tags":[],"_links":{"self":[{"href":"https:\/\/www.blogdotarugao.com.br\/v1\/wp-json\/wp\/v2\/posts\/175134"}],"collection":[{"href":"https:\/\/www.blogdotarugao.com.br\/v1\/wp-json\/wp\/v2\/posts"}],"about":[{"href":"https:\/\/www.blogdotarugao.com.br\/v1\/wp-json\/wp\/v2\/types\/post"}],"author":[{"embeddable":true,"href":"https:\/\/www.blogdotarugao.com.br\/v1\/wp-json\/wp\/v2\/users\/2"}],"replies":[{"embeddable":true,"href":"https:\/\/www.blogdotarugao.com.br\/v1\/wp-json\/wp\/v2\/comments?post=175134"}],"version-history":[{"count":3,"href":"https:\/\/www.blogdotarugao.com.br\/v1\/wp-json\/wp\/v2\/posts\/175134\/revisions"}],"predecessor-version":[{"id":175138,"href":"https:\/\/www.blogdotarugao.com.br\/v1\/wp-json\/wp\/v2\/posts\/175134\/revisions\/175138"}],"wp:featuredmedia":[{"embeddable":true,"href":"https:\/\/www.blogdotarugao.com.br\/v1\/wp-json\/wp\/v2\/media\/175135"}],"wp:attachment":[{"href":"https:\/\/www.blogdotarugao.com.br\/v1\/wp-json\/wp\/v2\/media?parent=175134"}],"wp:term":[{"taxonomy":"category","embeddable":true,"href":"https:\/\/www.blogdotarugao.com.br\/v1\/wp-json\/wp\/v2\/categories?post=175134"},{"taxonomy":"post_tag","embeddable":true,"href":"https:\/\/www.blogdotarugao.com.br\/v1\/wp-json\/wp\/v2\/tags?post=175134"}],"curies":[{"name":"wp","href":"https:\/\/api.w.org\/{rel}","templated":true}]}}