{"id":175149,"date":"2025-09-03T08:16:48","date_gmt":"2025-09-03T11:16:48","guid":{"rendered":"https:\/\/www.blogdotarugao.com.br\/v1\/?p=175149"},"modified":"2025-09-03T08:16:48","modified_gmt":"2025-09-03T11:16:48","slug":"itapetinga-acoes-do-vereador-tarugao-%c2%a8-a-presenca-faz-a-diferenca-%c2%a8","status":"publish","type":"post","link":"https:\/\/www.blogdotarugao.com.br\/v1\/2025\/09\/03\/itapetinga-acoes-do-vereador-tarugao-%c2%a8-a-presenca-faz-a-diferenca-%c2%a8\/","title":{"rendered":"ITAPETINGA: A\u00c7\u00d5ES DO VEREADOR TARUG\u00c3O \u00a8 A PRESEN\u00c7A, FAZ A DIFEREN\u00c7A \u00a8"},"content":{"rendered":"<p><img loading=\"lazy\" class=\"alignnone  wp-image-175150\" src=\"https:\/\/www.blogdotarugao.com.br\/v1\/wp-content\/uploads\/2025\/09\/TARUGAO.jpeg\" alt=\"\" width=\"580\" height=\"327\" \/><\/p>\n<h3>Na sess\u00e3o ordin\u00e1ria desta ter\u00e7a-feira, 2 de setembro, a C\u00e2mara Municipal de Itapetinga aprovou, por unanimidade, o Requerimento n\u00ba 020\/2025, de autoria do vereador Tarug\u00e3o (MDB), que prop\u00f5e a realiza\u00e7\u00e3o de uma Audi\u00eancia P\u00fablica com o tema \u201cSeguran\u00e7a P\u00fablica, uma responsabilidade de todos\u201d.<\/h3>\n<h3>O requerimento destaca a import\u00e2ncia de envolver o poder p\u00fablico, as for\u00e7as de seguran\u00e7a e a sociedade civil na busca por solu\u00e7\u00f5es que contribuam para a redu\u00e7\u00e3o da criminalidade e para o fortalecimento das pol\u00edticas de seguran\u00e7a no munic\u00edpio. A audi\u00eancia ter\u00e1 como objetivo abrir espa\u00e7o para o di\u00e1logo, aproximando a popula\u00e7\u00e3o das autoridades e criando um ambiente de constru\u00e7\u00e3o coletiva de alternativas eficazes.<\/h3>\n<h3>Mais a\u00e7\u00f5es do vereador Tarug\u00e3o:<strong>\u00a0(MDB)<\/strong><\/h3>\n<ul>\n<li style=\"list-style-type: none;\">\n<ul>\n<li>\n<h3>Cria\u00e7\u00e3o de uma UTI Neonatal no Hospital Municipal de Itapetinga\/Hospital Virg\u00ednia Hagge (Indica\u00e7\u00e3o n\u00ba 143\/2025).<\/h3>\n<\/li>\n<li>\n<h3>Revitaliza\u00e7\u00e3o dos canteiros na Escola Municipalizada Manoel Novaes (Indica\u00e7\u00e3o n\u00ba 162\/2025).<\/h3>\n<\/li>\n<li>\n<h3>Constru\u00e7\u00e3o de rede de esgoto nos grot\u00f5es entre os bairros Clodoaldo Costa, Ot\u00e1vio Cam\u00f5es e Camac\u00e3 (Indica\u00e7\u00e3o n\u00ba 169\/2025).<\/h3>\n<\/li>\n<li>RK<\/li>\n<\/ul>\n<\/li>\n<\/ul>\n<p>&nbsp;<\/p>\n","protected":false},"excerpt":{"rendered":"<p>Na sess\u00e3o ordin\u00e1ria desta ter\u00e7a-feira, 2 de setembro, a C\u00e2mara Municipal de Itapetinga aprovou, por unanimidade, o Requerimento n\u00ba 020\/2025, de autoria do vereador Tarug\u00e3o (MDB), que prop\u00f5e a realiza\u00e7\u00e3o de uma Audi\u00eancia P\u00fablica com o tema \u201cSeguran\u00e7a P\u00fablica, uma responsabilidade de todos\u201d. O requerimento destaca a import\u00e2ncia de envolver o poder p\u00fablico, as for\u00e7as [&hellip;]<\/p>\n","protected":false},"author":2,"featured_media":175150,"comment_status":"open","ping_status":"open","sticky":false,"template":"","format":"standard","meta":{"_links_to":"","_links_to_target":""},"categories":[1],"tags":[],"_links":{"self":[{"href":"https:\/\/www.blogdotarugao.com.br\/v1\/wp-json\/wp\/v2\/posts\/175149"}],"collection":[{"href":"https:\/\/www.blogdotarugao.com.br\/v1\/wp-json\/wp\/v2\/posts"}],"about":[{"href":"https:\/\/www.blogdotarugao.com.br\/v1\/wp-json\/wp\/v2\/types\/post"}],"author":[{"embeddable":true,"href":"https:\/\/www.blogdotarugao.com.br\/v1\/wp-json\/wp\/v2\/users\/2"}],"replies":[{"embeddable":true,"href":"https:\/\/www.blogdotarugao.com.br\/v1\/wp-json\/wp\/v2\/comments?post=175149"}],"version-history":[{"count":1,"href":"https:\/\/www.blogdotarugao.com.br\/v1\/wp-json\/wp\/v2\/posts\/175149\/revisions"}],"predecessor-version":[{"id":175151,"href":"https:\/\/www.blogdotarugao.com.br\/v1\/wp-json\/wp\/v2\/posts\/175149\/revisions\/175151"}],"wp:featuredmedia":[{"embeddable":true,"href":"https:\/\/www.blogdotarugao.com.br\/v1\/wp-json\/wp\/v2\/media\/175150"}],"wp:attachment":[{"href":"https:\/\/www.blogdotarugao.com.br\/v1\/wp-json\/wp\/v2\/media?parent=175149"}],"wp:term":[{"taxonomy":"category","embeddable":true,"href":"https:\/\/www.blogdotarugao.com.br\/v1\/wp-json\/wp\/v2\/categories?post=175149"},{"taxonomy":"post_tag","embeddable":true,"href":"https:\/\/www.blogdotarugao.com.br\/v1\/wp-json\/wp\/v2\/tags?post=175149"}],"curies":[{"name":"wp","href":"https:\/\/api.w.org\/{rel}","templated":true}]}}