{"id":175178,"date":"2025-09-12T08:12:47","date_gmt":"2025-09-12T11:12:47","guid":{"rendered":"https:\/\/www.blogdotarugao.com.br\/v1\/?p=175178"},"modified":"2025-09-12T08:12:47","modified_gmt":"2025-09-12T11:12:47","slug":"quando-bolsonaro-e-outros-condenados-comecam-a-cumprir-as-penas-entenda","status":"publish","type":"post","link":"https:\/\/www.blogdotarugao.com.br\/v1\/2025\/09\/12\/quando-bolsonaro-e-outros-condenados-comecam-a-cumprir-as-penas-entenda\/","title":{"rendered":"QUANDO BOLSONARO E OUTROS CONDENADOS COME\u00c7AM A CUMPRIR AS PENAS? ENTENDA"},"content":{"rendered":"<p><img loading=\"lazy\" class=\"alignnone size-full wp-image-135632\" src=\"https:\/\/www.blogdotarugao.com.br\/v1\/wp-content\/uploads\/2020\/12\/bolsonaro-1-535x320-1.jpg\" alt=\"\" width=\"535\" height=\"320\" \/><\/p>\n<h3>A advogada criminalista e doutora em Direito Penal pela USP, Ilana Martins Luz, esclareceu, durante o\u00a0<strong class=\"group-[.isActiveSource]:text-xl group-[.isActiveSource]:font-bold\">CNN Prime Time<\/strong>, quando os r\u00e9us condenados pelo STF por plano de golpe de Estado come\u00e7ar\u00e3o a cumprir suas penas. Segundo a especialista, o cumprimento das senten\u00e7as ter\u00e1 in\u00edcio ap\u00f3s o tr\u00e2nsito em julgado das condena\u00e7\u00f5es.<\/h3>\n<h3>De acordo com Martins Luz, ainda h\u00e1 possibilidade de recursos, como os embargos de declara\u00e7\u00e3o, que podem ser apresentados caso as defesas identifiquem contradi\u00e7\u00f5es ou omiss\u00f5es no julgamento. Os embargos infringentes, por sua vez, ficam prejudicados\u00a0<a class=\"text-red-600 underline hover:text-red-500 font-medium break-words group-[.isActiveSource]:text-xl\" href=\"https:\/\/www.cnnbrasil.com.br\/politica\/como-voto-de-fux-na-trama-golpista-pode-afetar-relacao-com-ministros-do-stf\/\" target=\"_self\" rel=\"noopener\">devido \u00e0 exist\u00eancia de apenas um voto divergente pela absolvi\u00e7\u00e3o<\/a>.<\/h3>\n<h3 class=\"my-5 break-words group-[.isActiveSource]:text-xl\">No caso espec\u00edfico do ex-presidente Jair Bolsonaro (PL), a\u00a0<a class=\"text-red-600 underline hover:text-red-500 font-medium break-words group-[.isActiveSource]:text-xl\" href=\"https:\/\/www.cnnbrasil.com.br\/blogs\/pedro-venceslau\/politica\/especialistas-preveem-prisao-domiciliar-para-bolsonaro\/\" target=\"_self\" rel=\"noopener\">especialista apontou a possibilidade de cumprimento da pena em regime domiciliar<\/a>, considerando fatores como idade e condi\u00e7\u00f5es de sa\u00fade. Ela citou como precedente o caso do ex-presidente Fernando Collor, que obteve autoriza\u00e7\u00e3o para cumprir pena em casa por quest\u00f5es de sa\u00fade.<\/h3>\n<h3 class=\"my-5 break-words group-[.isActiveSource]:text-xl\">Sobre a progress\u00e3o de regime, Martins Luz explicou que ser\u00e1 necess\u00e1rio o cumprimento de 25% da pena em regime fechado, o que equivaleria a aproximadamente sete anos, al\u00e9m de outros requisitos como bom comportamento.<\/h3>\n<h3 class=\"my-5 break-words group-[.isActiveSource]:text-xl\">A especialista avaliou que, pelo ritmo atual do julgamento, o\u00a0<strong class=\"group-[.isActiveSource]:text-xl group-[.isActiveSource]:font-bold\">tr\u00e2nsito em julgado pode ocorrer j\u00e1 no in\u00edcio de novembro<\/strong>, destacando que o processo tem apresentado uma velocidade mais acelerada que o habitual na corte.<\/h3>\n<p>RK<\/p>\n","protected":false},"excerpt":{"rendered":"<p>A advogada criminalista e doutora em Direito Penal pela USP, Ilana Martins Luz, esclareceu, durante o\u00a0CNN Prime Time, quando os r\u00e9us condenados pelo STF por plano de golpe de Estado come\u00e7ar\u00e3o a cumprir suas penas. Segundo a especialista, o cumprimento das senten\u00e7as ter\u00e1 in\u00edcio ap\u00f3s o tr\u00e2nsito em julgado das condena\u00e7\u00f5es. De acordo com Martins [&hellip;]<\/p>\n","protected":false},"author":2,"featured_media":135632,"comment_status":"open","ping_status":"open","sticky":false,"template":"","format":"standard","meta":{"_links_to":"","_links_to_target":""},"categories":[1],"tags":[],"_links":{"self":[{"href":"https:\/\/www.blogdotarugao.com.br\/v1\/wp-json\/wp\/v2\/posts\/175178"}],"collection":[{"href":"https:\/\/www.blogdotarugao.com.br\/v1\/wp-json\/wp\/v2\/posts"}],"about":[{"href":"https:\/\/www.blogdotarugao.com.br\/v1\/wp-json\/wp\/v2\/types\/post"}],"author":[{"embeddable":true,"href":"https:\/\/www.blogdotarugao.com.br\/v1\/wp-json\/wp\/v2\/users\/2"}],"replies":[{"embeddable":true,"href":"https:\/\/www.blogdotarugao.com.br\/v1\/wp-json\/wp\/v2\/comments?post=175178"}],"version-history":[{"count":1,"href":"https:\/\/www.blogdotarugao.com.br\/v1\/wp-json\/wp\/v2\/posts\/175178\/revisions"}],"predecessor-version":[{"id":175179,"href":"https:\/\/www.blogdotarugao.com.br\/v1\/wp-json\/wp\/v2\/posts\/175178\/revisions\/175179"}],"wp:featuredmedia":[{"embeddable":true,"href":"https:\/\/www.blogdotarugao.com.br\/v1\/wp-json\/wp\/v2\/media\/135632"}],"wp:attachment":[{"href":"https:\/\/www.blogdotarugao.com.br\/v1\/wp-json\/wp\/v2\/media?parent=175178"}],"wp:term":[{"taxonomy":"category","embeddable":true,"href":"https:\/\/www.blogdotarugao.com.br\/v1\/wp-json\/wp\/v2\/categories?post=175178"},{"taxonomy":"post_tag","embeddable":true,"href":"https:\/\/www.blogdotarugao.com.br\/v1\/wp-json\/wp\/v2\/tags?post=175178"}],"curies":[{"name":"wp","href":"https:\/\/api.w.org\/{rel}","templated":true}]}}