{"id":175266,"date":"2025-10-05T09:36:19","date_gmt":"2025-10-05T12:36:19","guid":{"rendered":"https:\/\/www.blogdotarugao.com.br\/v1\/?p=175266"},"modified":"2025-10-05T09:36:19","modified_gmt":"2025-10-05T12:36:19","slug":"sesab-faz-reuniao-emergencial-para-discutir-consumo-de-bebidas-adulteradas","status":"publish","type":"post","link":"https:\/\/www.blogdotarugao.com.br\/v1\/2025\/10\/05\/sesab-faz-reuniao-emergencial-para-discutir-consumo-de-bebidas-adulteradas\/","title":{"rendered":"SESAB FAZ REUNI\u00c3O EMERGENCIAL PARA DISCUTIR CONSUMO DE BEBIDAS ADULTERADAS"},"content":{"rendered":"<h3><img loading=\"lazy\" class=\"alignnone  wp-image-175267\" src=\"https:\/\/www.blogdotarugao.com.br\/v1\/wp-content\/uploads\/2025\/10\/171146sesab-faz-reuniao-emergencial-para-discutir-consumo-de-bebidas-adulteradas-3.jpg\" alt=\"\" width=\"581\" height=\"273\" \/><\/h3>\n<h3>A Secretaria de Sa\u00fade da Bahia (Sesab) realiza neste domingo (5), \u00e0s 9h30, uma reuni\u00e3o emergencial para tratar dos casos suspeitos de intoxica\u00e7\u00e3o por metanol no estado. At\u00e9 agora, dois casos s\u00e3o investigados pela pasta.<\/h3>\n<h3>A iniciativa foi solicitada pela secret\u00e1ria estadual de sa\u00fade, Roberta Santana e foram convidados para a sala de situa\u00e7\u00e3o o Conselho dos Secret\u00e1rios Municipais de Sa\u00fade da Bahia (Cosems-BA), o Departamento de Pol\u00edcia T\u00e9cnica (DPT), a Pol\u00edcia Civil, al\u00e9m das secretarias municipais de Sa\u00fade e diretorias de vigil\u00e2ncia de Salvador e Feira de Santana. Tamb\u00e9m participam o Procon-BA, a Delegacia de Defesa do Consumidor (Decon-BA), a Secretaria de Comunica\u00e7\u00e3o da Bahia (Secom) e o Conselho Estadual de Sa\u00fade.<\/h3>\n<h3>Integram ainda a reuni\u00e3o o Centro de Informa\u00e7\u00f5es Estrat\u00e9gicas em Vigil\u00e2ncia em Sa\u00fade (Cievs Estadual), a \u00e1rea de tecnologia da Sesab (CGTICS), o Centro de Informa\u00e7\u00e3o e Assist\u00eancia Toxicol\u00f3gica da Bahia (Ciatox) e os coordenadores dos N\u00facleos Regionais de Sa\u00fade (NRS).<\/h3>\n<h3>O primeiro caso suspeito foi registrado em Feira de Santana, no centro norte do estado. A v\u00edtima \u00e9 Marcos Evandro Santana da costa, 56 anos, que morreu na madrugada desta sexta-feira (3), ap\u00f3s dar entrada na Unidade de Pronto Atendimento (UPA) da Queimadinha.\u00a0\u00a0O segundo caso suspeito foi registrado em Salvador, e ainda est\u00e1 pendente de confirma\u00e7\u00e3o. Segundo a Sesab amostras foram coletadas e o resultado dever\u00e1 sair em at\u00e9 sete dias.<\/h3>\n<p>RK<\/p>\n","protected":false},"excerpt":{"rendered":"<p>A Secretaria de Sa\u00fade da Bahia (Sesab) realiza neste domingo (5), \u00e0s 9h30, uma reuni\u00e3o emergencial para tratar dos casos suspeitos de intoxica\u00e7\u00e3o por metanol no estado. At\u00e9 agora, dois casos s\u00e3o investigados pela pasta. A iniciativa foi solicitada pela secret\u00e1ria estadual de sa\u00fade, Roberta Santana e foram convidados para a sala de situa\u00e7\u00e3o o [&hellip;]<\/p>\n","protected":false},"author":2,"featured_media":175267,"comment_status":"open","ping_status":"open","sticky":false,"template":"","format":"standard","meta":{"_links_to":"","_links_to_target":""},"categories":[1],"tags":[],"_links":{"self":[{"href":"https:\/\/www.blogdotarugao.com.br\/v1\/wp-json\/wp\/v2\/posts\/175266"}],"collection":[{"href":"https:\/\/www.blogdotarugao.com.br\/v1\/wp-json\/wp\/v2\/posts"}],"about":[{"href":"https:\/\/www.blogdotarugao.com.br\/v1\/wp-json\/wp\/v2\/types\/post"}],"author":[{"embeddable":true,"href":"https:\/\/www.blogdotarugao.com.br\/v1\/wp-json\/wp\/v2\/users\/2"}],"replies":[{"embeddable":true,"href":"https:\/\/www.blogdotarugao.com.br\/v1\/wp-json\/wp\/v2\/comments?post=175266"}],"version-history":[{"count":1,"href":"https:\/\/www.blogdotarugao.com.br\/v1\/wp-json\/wp\/v2\/posts\/175266\/revisions"}],"predecessor-version":[{"id":175268,"href":"https:\/\/www.blogdotarugao.com.br\/v1\/wp-json\/wp\/v2\/posts\/175266\/revisions\/175268"}],"wp:featuredmedia":[{"embeddable":true,"href":"https:\/\/www.blogdotarugao.com.br\/v1\/wp-json\/wp\/v2\/media\/175267"}],"wp:attachment":[{"href":"https:\/\/www.blogdotarugao.com.br\/v1\/wp-json\/wp\/v2\/media?parent=175266"}],"wp:term":[{"taxonomy":"category","embeddable":true,"href":"https:\/\/www.blogdotarugao.com.br\/v1\/wp-json\/wp\/v2\/categories?post=175266"},{"taxonomy":"post_tag","embeddable":true,"href":"https:\/\/www.blogdotarugao.com.br\/v1\/wp-json\/wp\/v2\/tags?post=175266"}],"curies":[{"name":"wp","href":"https:\/\/api.w.org\/{rel}","templated":true}]}}