{"id":175273,"date":"2025-10-06T07:38:21","date_gmt":"2025-10-06T10:38:21","guid":{"rendered":"https:\/\/www.blogdotarugao.com.br\/v1\/?p=175273"},"modified":"2025-10-06T07:38:21","modified_gmt":"2025-10-06T10:38:21","slug":"itapetinga-itambe-dois-veiculos-capotam-na-ba-263-sendo-1-na-mata-escura-e-o-outro-em-capinarana","status":"publish","type":"post","link":"https:\/\/www.blogdotarugao.com.br\/v1\/2025\/10\/06\/itapetinga-itambe-dois-veiculos-capotam-na-ba-263-sendo-1-na-mata-escura-e-o-outro-em-capinarana\/","title":{"rendered":"ITAPETINGA\/ITAMB\u00c9: DOIS VE\u00cdCULOS CAPOTAM NA BA-263. SENDO 1 NA MATA ESCURA E O OUTRO EM CAPINARANA."},"content":{"rendered":"<h3><img loading=\"lazy\" class=\"alignnone size-full wp-image-175274\" src=\"https:\/\/www.blogdotarugao.com.br\/v1\/wp-content\/uploads\/2025\/10\/vLjV3nf.jpeg\" alt=\"\" width=\"600\" height=\"360\" \/><\/h3>\n<h3>No fim da tarde deste domingo (5), dois capotamentos foram registrados na BA-263 entre os munic\u00edpios de Itapetinga e Itamb\u00e9.<br \/>\nSegundo as primeiras informa\u00e7\u00f5es levantadas pelo Jornalista Tarug\u00e3o Barreira, um Ve\u00edculo Ford\/Fiesta com 4 passageiros acabou capotando na regi\u00e3o da Mata Escura, local onde com frequ\u00eancia acontece graves acidentes.<br \/>\nAs v\u00edtimas do capotamento foram identificadas como sendo:<br \/>\n*Isaac Matias<br \/>\n*B\u00e1rbara Vasconcelos<br \/>\n*Raissa Matias<br \/>\n*Paula Matias<br \/>\nAs v\u00edtimas tiveram ferimentos leves e escoria\u00e7\u00f5es. Foram socorridas por uma guarni\u00e7\u00e3o da Pol\u00edcia Rodovi\u00e1ria Estadual.<br \/>\nElas foram encaminhadas ao Posto Policial, onde o SAMU 192 foi acionado.<br \/>\nAs v\u00edtimas foram encaminhadas ao HCR.<br \/>\nO outro capotamento foi registrado em Capinarana, Regi\u00e3o de Itamb\u00e9.<br \/>\nAs v\u00edtimas sofreram esc\u00f3rias leves e foram socorridas pelo SAMU 192 Local. (Instagram@tarugaobarreira)<\/h3>\n<p>RK<\/p>\n","protected":false},"excerpt":{"rendered":"<p>No fim da tarde deste domingo (5), dois capotamentos foram registrados na BA-263 entre os munic\u00edpios de Itapetinga e Itamb\u00e9. Segundo as primeiras informa\u00e7\u00f5es levantadas pelo Jornalista Tarug\u00e3o Barreira, um Ve\u00edculo Ford\/Fiesta com 4 passageiros acabou capotando na regi\u00e3o da Mata Escura, local onde com frequ\u00eancia acontece graves acidentes. As v\u00edtimas do capotamento foram identificadas [&hellip;]<\/p>\n","protected":false},"author":2,"featured_media":175274,"comment_status":"open","ping_status":"open","sticky":false,"template":"","format":"standard","meta":{"_links_to":"","_links_to_target":""},"categories":[1],"tags":[],"_links":{"self":[{"href":"https:\/\/www.blogdotarugao.com.br\/v1\/wp-json\/wp\/v2\/posts\/175273"}],"collection":[{"href":"https:\/\/www.blogdotarugao.com.br\/v1\/wp-json\/wp\/v2\/posts"}],"about":[{"href":"https:\/\/www.blogdotarugao.com.br\/v1\/wp-json\/wp\/v2\/types\/post"}],"author":[{"embeddable":true,"href":"https:\/\/www.blogdotarugao.com.br\/v1\/wp-json\/wp\/v2\/users\/2"}],"replies":[{"embeddable":true,"href":"https:\/\/www.blogdotarugao.com.br\/v1\/wp-json\/wp\/v2\/comments?post=175273"}],"version-history":[{"count":1,"href":"https:\/\/www.blogdotarugao.com.br\/v1\/wp-json\/wp\/v2\/posts\/175273\/revisions"}],"predecessor-version":[{"id":175275,"href":"https:\/\/www.blogdotarugao.com.br\/v1\/wp-json\/wp\/v2\/posts\/175273\/revisions\/175275"}],"wp:featuredmedia":[{"embeddable":true,"href":"https:\/\/www.blogdotarugao.com.br\/v1\/wp-json\/wp\/v2\/media\/175274"}],"wp:attachment":[{"href":"https:\/\/www.blogdotarugao.com.br\/v1\/wp-json\/wp\/v2\/media?parent=175273"}],"wp:term":[{"taxonomy":"category","embeddable":true,"href":"https:\/\/www.blogdotarugao.com.br\/v1\/wp-json\/wp\/v2\/categories?post=175273"},{"taxonomy":"post_tag","embeddable":true,"href":"https:\/\/www.blogdotarugao.com.br\/v1\/wp-json\/wp\/v2\/tags?post=175273"}],"curies":[{"name":"wp","href":"https:\/\/api.w.org\/{rel}","templated":true}]}}