{"id":175296,"date":"2025-10-09T07:44:39","date_gmt":"2025-10-09T10:44:39","guid":{"rendered":"https:\/\/www.blogdotarugao.com.br\/v1\/?p=175296"},"modified":"2025-10-09T07:44:39","modified_gmt":"2025-10-09T10:44:39","slug":"policia-civil-alcanca-cinco-suspeitos-ligados-a-grupo-criminoso-em-iguai","status":"publish","type":"post","link":"https:\/\/www.blogdotarugao.com.br\/v1\/2025\/10\/09\/policia-civil-alcanca-cinco-suspeitos-ligados-a-grupo-criminoso-em-iguai\/","title":{"rendered":"POL\u00cdCIA CIVIL ALCAN\u00c7A CINCO SUSPEITOS LIGADOS A GRUPO CRIMINOSO EM IGUA\u00cd"},"content":{"rendered":"<h3><img loading=\"lazy\" class=\"alignnone  wp-image-175297\" src=\"https:\/\/www.blogdotarugao.com.br\/v1\/wp-content\/uploads\/2025\/10\/Imagem-do-WhatsApp-de-2025-10-09-as-07.21.45_a9caee5e-572x600.jpg\" alt=\"\" width=\"581\" height=\"609\" srcset=\"https:\/\/www.blogdotarugao.com.br\/v1\/wp-content\/uploads\/2025\/10\/Imagem-do-WhatsApp-de-2025-10-09-as-07.21.45_a9caee5e-572x600.jpg 572w, https:\/\/www.blogdotarugao.com.br\/v1\/wp-content\/uploads\/2025\/10\/Imagem-do-WhatsApp-de-2025-10-09-as-07.21.45_a9caee5e.jpg 600w\" sizes=\"(max-width: 581px) 100vw, 581px\" \/><\/h3>\n<h3>A\u00e7\u00e3o integrada com a Pol\u00edcia Militar resultou em pris\u00f5es, apreens\u00f5es e confronto durante investiga\u00e7\u00e3o de duplo homic\u00eddio<\/h3>\n<h3>A Pol\u00edcia Civil da Bahia, por meio da Delegacia Territorial (DT\/ Igua\u00ed), deflagrou nesta quarta-feira (8) uma opera\u00e7\u00e3o conjunta com a Pol\u00edcia Militar para apurar o duplo homic\u00eddio ocorrido na Fazenda Boa Vista, zona rural do munic\u00edpio, que teve como v\u00edtimas Mirella Oliveira Moreira, de 19 anos, e Gustavo de Jesus Gon\u00e7alves, de 16. As investiga\u00e7\u00f5es apontam que o crime est\u00e1 relacionado \u00e0 disputa por pontos de tr\u00e1fico de drogas na regi\u00e3o.<\/h3>\n<h3><img loading=\"lazy\" class=\"alignnone size-full wp-image-175298\" src=\"https:\/\/www.blogdotarugao.com.br\/v1\/wp-content\/uploads\/2025\/10\/Imagem-do-WhatsApp-de-2025-10-09-as-07.21.46_093eaed7.jpg\" alt=\"\" width=\"600\" height=\"337\" \/><br \/>\nAs v\u00edtimas haviam sido sequestradas na noite anterior por homens armados, que utilizaram um ve\u00edculo posteriormente abandonado ap\u00f3s confronto com equipes da PM. Durante as dilig\u00eancias, outro autom\u00f3vel, utilizado para monitorar o paradeiro das v\u00edtimas, foi localizado em Ibicu\u00ed, escondido em uma garagem alugada por um suspeito de 24 anos. O homem atuava a mando de outros integrantes do grupo, de 26 e 32 anos, todos presos durante a a\u00e7\u00e3o, por prestarem apoio log\u00edstico \u00e0 organiza\u00e7\u00e3o criminosa.<\/p>\n<p>Na sequ\u00eancia das investiga\u00e7\u00f5es, Marcos Rodrigo Almeida Sampaio, conhecido como \u201cRD\u201d, de 25 anos, foi localizado em uma resid\u00eancia no bairro Tancredo Neves, em Ibicu\u00ed. Durante a tentativa de abordagem, o suspeito reagiu \u00e0 a\u00e7\u00e3o policial e houve confronto. Ele foi atingido, socorrido e, ap\u00f3s atendimento m\u00e9dico, n\u00e3o resistiu aos ferimentos.<\/h3>\n<h3>Outro investigado, tamb\u00e9m de 25 anos, foi preso em flagrante pela Pol\u00edcia Militar ap\u00f3s ser identificado por imagens das c\u00e2meras da Secret\u00e1ria de Seguran\u00e7a P\u00fablica (SSP\/Bahia) como um dos participantes do sequestro e homic\u00eddio.<\/h3>\n<h3>As investiga\u00e7\u00f5es continuam para identificar outros envolvidos e esclarecer o papel de cada suspeito nos crimes de associa\u00e7\u00e3o criminosa armada, sequestro e homic\u00eddio. O delegado Hiran Macedo, titular da DT de Igua\u00ed, destacou a import\u00e2ncia da a\u00e7\u00e3o e o trabalho conjunto entre as for\u00e7as de seguran\u00e7a:<\/h3>\n<h3>\u201cA resposta r\u00e1pida das equipes foi fundamental para desarticular parte desse grupo e garantir que o crime n\u00e3o ficasse impune. As dilig\u00eancias continuam e outras a\u00e7\u00f5es ser\u00e3o realizadas para coibir a atua\u00e7\u00e3o de organiza\u00e7\u00f5es criminosas na regi\u00e3o\u201d, afirmou o delegado.<\/h3>\n<h3>Participaram da opera\u00e7\u00e3o equipes da Pol\u00edcia Militar, por meio da Rondesp, 9\u00aa CIPM, Pol\u00edcia Rodovi\u00e1ria Estadual e Cipe Cacaueira. (Instagram@tarugaobarreira)<\/h3>\n<p>Marcela Correia\/Ascom PCBA<\/p>\n<p>RK<\/p>\n<p>&nbsp;<\/p>\n","protected":false},"excerpt":{"rendered":"<p>A\u00e7\u00e3o integrada com a Pol\u00edcia Militar resultou em pris\u00f5es, apreens\u00f5es e confronto durante investiga\u00e7\u00e3o de duplo homic\u00eddio A Pol\u00edcia Civil da Bahia, por meio da Delegacia Territorial (DT\/ Igua\u00ed), deflagrou nesta quarta-feira (8) uma opera\u00e7\u00e3o conjunta com a Pol\u00edcia Militar para apurar o duplo homic\u00eddio ocorrido na Fazenda Boa Vista, zona rural do munic\u00edpio, que [&hellip;]<\/p>\n","protected":false},"author":2,"featured_media":175298,"comment_status":"open","ping_status":"open","sticky":false,"template":"","format":"standard","meta":{"_links_to":"","_links_to_target":""},"categories":[1],"tags":[],"_links":{"self":[{"href":"https:\/\/www.blogdotarugao.com.br\/v1\/wp-json\/wp\/v2\/posts\/175296"}],"collection":[{"href":"https:\/\/www.blogdotarugao.com.br\/v1\/wp-json\/wp\/v2\/posts"}],"about":[{"href":"https:\/\/www.blogdotarugao.com.br\/v1\/wp-json\/wp\/v2\/types\/post"}],"author":[{"embeddable":true,"href":"https:\/\/www.blogdotarugao.com.br\/v1\/wp-json\/wp\/v2\/users\/2"}],"replies":[{"embeddable":true,"href":"https:\/\/www.blogdotarugao.com.br\/v1\/wp-json\/wp\/v2\/comments?post=175296"}],"version-history":[{"count":2,"href":"https:\/\/www.blogdotarugao.com.br\/v1\/wp-json\/wp\/v2\/posts\/175296\/revisions"}],"predecessor-version":[{"id":175300,"href":"https:\/\/www.blogdotarugao.com.br\/v1\/wp-json\/wp\/v2\/posts\/175296\/revisions\/175300"}],"wp:featuredmedia":[{"embeddable":true,"href":"https:\/\/www.blogdotarugao.com.br\/v1\/wp-json\/wp\/v2\/media\/175298"}],"wp:attachment":[{"href":"https:\/\/www.blogdotarugao.com.br\/v1\/wp-json\/wp\/v2\/media?parent=175296"}],"wp:term":[{"taxonomy":"category","embeddable":true,"href":"https:\/\/www.blogdotarugao.com.br\/v1\/wp-json\/wp\/v2\/categories?post=175296"},{"taxonomy":"post_tag","embeddable":true,"href":"https:\/\/www.blogdotarugao.com.br\/v1\/wp-json\/wp\/v2\/tags?post=175296"}],"curies":[{"name":"wp","href":"https:\/\/api.w.org\/{rel}","templated":true}]}}