{"id":175342,"date":"2025-10-27T07:44:25","date_gmt":"2025-10-27T10:44:25","guid":{"rendered":"https:\/\/www.blogdotarugao.com.br\/v1\/?p=175342"},"modified":"2025-10-27T08:09:19","modified_gmt":"2025-10-27T11:09:19","slug":"175342","status":"publish","type":"post","link":"https:\/\/www.blogdotarugao.com.br\/v1\/2025\/10\/27\/175342\/","title":{"rendered":"LULA PREV\u00ca ACORDO COM TRUMP &#8216;EM POUCOS DIAS&#8217; E DIZ: &#8216;SEI A HORA DE CEDER E DE N\u00c3O CEDER"},"content":{"rendered":"<p><img loading=\"lazy\" class=\"alignnone size-full wp-image-175343\" src=\"https:\/\/www.blogdotarugao.com.br\/v1\/wp-content\/uploads\/2025\/10\/Apresentacao1-1.jpg\" alt=\"\" width=\"600\" height=\"450\" \/><\/p>\n<h3>O presidente\u00a0<a class=\"\" href=\"https:\/\/g1.globo.com\/tudo-sobre\/luiz-inacio-lula-da-silva\/\" data-mrf-link=\"https:\/\/g1.globo.com\/tudo-sobre\/luiz-inacio-lula-da-silva\/\">Luiz In\u00e1cio Lula da Silva<\/a>\u00a0(<a class=\"\" href=\"https:\/\/g1.globo.com\/politica\/partido\/pt\/\" data-mrf-link=\"https:\/\/g1.globo.com\/politica\/partido\/pt\/\">PT<\/a>) afirmou na noite deste domingo (26), \u2013 j\u00e1 manh\u00e3 de segunda-feira (27) na Mal\u00e1sia \u2013 que a reuni\u00e3o com o presidente dos\u00a0<a class=\"\" href=\"https:\/\/g1.globo.com\/tudo-sobre\/estados-unidos\/\" data-mrf-link=\"https:\/\/g1.globo.com\/tudo-sobre\/estados-unidos\/\">Estados Unidos<\/a>,\u00a0<a class=\"\" href=\"https:\/\/g1.globo.com\/tudo-sobre\/donald-trump\/\" data-mrf-link=\"https:\/\/g1.globo.com\/tudo-sobre\/donald-trump\/\">Donald Trump<\/a>, foi &#8220;surpreendentemente boa&#8221; e que teve a impress\u00e3o de que logo n\u00e3o haver\u00e1 problema entre os pa\u00edses.<\/h3>\n<h3>Lula disse ainda reconhecer ser um direito de um Presidente da Rep\u00fablica aplicar taxas quando acredita que a ind\u00fastria nacional est\u00e1 sendo prejudicada, mas que as decis\u00f5es dos Estados Unidos foram tomadas baseadas em informa\u00e7\u00f5es erradas.<\/h3>\n<div class=\"mc-column content-text active-extra-styles \" data-block-type=\"unstyled\" data-block-weight=\"50\" data-block-id=\"8\">\n<h3 class=\" content-text__container \" data-track-category=\"Link no Texto\" data-mrf-recirculation=\"Mat\u00e9ria - Links no Texto\">&#8220;O que n\u00e3o pode \u00e9 acontecer o que aconteceu com o Brasil, com base em informa\u00e7\u00f5es equivocadas, tomar uma decis\u00e3o de taxar o Brasil em 50%. Ele sabe disso porque eu tive a oportunidade de dizer, agora n\u00e3o tem mais intermedi\u00e1rio. Agora \u00e9 o presidente Lula com o presidente Trump.&#8221;<\/h3>\n<\/div>\n<div id=\"chunk-femb6\">\n<div class=\"mc-column content-text active-extra-styles \" data-block-type=\"unstyled\" data-block-weight=\"30\" data-block-id=\"9\">\n<h3 class=\" content-text__container \" data-track-category=\"Link no Texto\" data-mrf-recirculation=\"Mat\u00e9ria - Links no Texto\">O presidente afirmou que ficou satisfeito e otimista depois da reuni\u00e3o e que, a depender do desenrolar da situa\u00e7\u00e3o, j\u00e1 vai &#8220;importunar [Trump] com um telefonema direto&#8221; na pr\u00f3xima semana.<\/h3>\n<p data-track-category=\"Link no Texto\" data-track-links=\"\" data-mrf-recirculation=\"Mat\u00e9ria - Links no Texto\">RK<\/p>\n<\/div>\n<\/div>\n","protected":false},"excerpt":{"rendered":"<p>O presidente\u00a0Luiz In\u00e1cio Lula da Silva\u00a0(PT) afirmou na noite deste domingo (26), \u2013 j\u00e1 manh\u00e3 de segunda-feira (27) na Mal\u00e1sia \u2013 que a reuni\u00e3o com o presidente dos\u00a0Estados Unidos,\u00a0Donald Trump, foi &#8220;surpreendentemente boa&#8221; e que teve a impress\u00e3o de que logo n\u00e3o haver\u00e1 problema entre os pa\u00edses. Lula disse ainda reconhecer ser um direito de [&hellip;]<\/p>\n","protected":false},"author":2,"featured_media":175343,"comment_status":"open","ping_status":"open","sticky":false,"template":"","format":"standard","meta":{"_links_to":"","_links_to_target":""},"categories":[1],"tags":[],"_links":{"self":[{"href":"https:\/\/www.blogdotarugao.com.br\/v1\/wp-json\/wp\/v2\/posts\/175342"}],"collection":[{"href":"https:\/\/www.blogdotarugao.com.br\/v1\/wp-json\/wp\/v2\/posts"}],"about":[{"href":"https:\/\/www.blogdotarugao.com.br\/v1\/wp-json\/wp\/v2\/types\/post"}],"author":[{"embeddable":true,"href":"https:\/\/www.blogdotarugao.com.br\/v1\/wp-json\/wp\/v2\/users\/2"}],"replies":[{"embeddable":true,"href":"https:\/\/www.blogdotarugao.com.br\/v1\/wp-json\/wp\/v2\/comments?post=175342"}],"version-history":[{"count":3,"href":"https:\/\/www.blogdotarugao.com.br\/v1\/wp-json\/wp\/v2\/posts\/175342\/revisions"}],"predecessor-version":[{"id":175349,"href":"https:\/\/www.blogdotarugao.com.br\/v1\/wp-json\/wp\/v2\/posts\/175342\/revisions\/175349"}],"wp:featuredmedia":[{"embeddable":true,"href":"https:\/\/www.blogdotarugao.com.br\/v1\/wp-json\/wp\/v2\/media\/175343"}],"wp:attachment":[{"href":"https:\/\/www.blogdotarugao.com.br\/v1\/wp-json\/wp\/v2\/media?parent=175342"}],"wp:term":[{"taxonomy":"category","embeddable":true,"href":"https:\/\/www.blogdotarugao.com.br\/v1\/wp-json\/wp\/v2\/categories?post=175342"},{"taxonomy":"post_tag","embeddable":true,"href":"https:\/\/www.blogdotarugao.com.br\/v1\/wp-json\/wp\/v2\/tags?post=175342"}],"curies":[{"name":"wp","href":"https:\/\/api.w.org\/{rel}","templated":true}]}}