{"id":175416,"date":"2025-11-06T07:38:28","date_gmt":"2025-11-06T10:38:28","guid":{"rendered":"https:\/\/www.blogdotarugao.com.br\/v1\/?p=175416"},"modified":"2025-11-06T07:38:28","modified_gmt":"2025-11-06T10:38:28","slug":"por-que-governo-lula-e-contra-classificar-faccao-criminosa-como-terrorismo","status":"publish","type":"post","link":"https:\/\/www.blogdotarugao.com.br\/v1\/2025\/11\/06\/por-que-governo-lula-e-contra-classificar-faccao-criminosa-como-terrorismo\/","title":{"rendered":"POR QUE GOVERNO LULA \u00c9 CONTRA CLASSIFICAR FAC\u00c7\u00c3O CRIMINOSA COMO TERRORISMO"},"content":{"rendered":"<h3><img loading=\"lazy\" class=\"alignnone size-full wp-image-175417\" src=\"https:\/\/www.blogdotarugao.com.br\/v1\/wp-content\/uploads\/2025\/11\/Apresentacao1.jpg\" alt=\"\" width=\"600\" height=\"450\" \/><\/h3>\n<h3>O\u00a0<a href=\"https:\/\/noticias.uol.com.br\/politica\/governo-lula\/\">governo Lula<\/a>\u00a0\u00e9 contra tornar fac\u00e7\u00f5es criminosas como o\u00a0<a href=\"https:\/\/noticias.uol.com.br\/politica\/ultimas-noticias\/2025\/11\/05\/o-que-muda-se-pcc-e-cv-virarem-organizao-terrorista-projeto-de-lei.htm\" target=\"_blank\" rel=\"noopener\">PCC e o Comando Vermelho em organiza\u00e7\u00f5es terroristas<\/a>, conforme prev\u00ea um projeto de lei no Congresso. Um dos argumentos usados \u00e9 o risco \u00e0 soberania.<\/h3>\n<h3><strong>Segundo o governo, equiparar as fac\u00e7\u00f5es criminosas ao terrorismo d\u00e1 espa\u00e7o para interven\u00e7\u00f5es de outros pa\u00edses.<\/strong> Ontem, a\u00a0<span class=\"topicText\">ministra da Secretaria de Rela\u00e7\u00f5es Institucionais, Gleisi Hoffmann (PT), afirmou que o Planalto \u00e9 &#8220;terminantemente contra&#8221; a proposta. &#8220;Pela legisla\u00e7\u00e3o internacional, terrorismo d\u00e1 guarida para que outros pa\u00edses possam fazer interven\u00e7\u00e3o no nosso pa\u00eds&#8221;, afirmou.<\/span><\/h3>\n<div data-metric-slot=\"text-2\" data-nosnippet=\"\" data-v-232111b4=\"\">\n<div class=\"my-250\" data-cp-id=\"203940238sdf098098sdf9\" data-v-cb8d75ca=\"\" data-v-232111b4=\"\">\n<h3><strong>A preocupa\u00e7\u00e3o, segundo o governo, \u00e9 que o Brasil fique vulner\u00e1vel no campo internacional.<\/strong>\u00a0Ao\u00a0<strong>UOL News<\/strong>, o secret\u00e1rio nacional de Seguran\u00e7a P\u00fablica, do Minist\u00e9rio da Justi\u00e7a, M\u00e1rio Sarrubbo, disse que as\u00a0<a href=\"https:\/\/noticias.uol.com.br\/politica\/ultimas-noticias\/2025\/11\/05\/o-que-muda-se-pcc-e-cv-virarem-organizao-terrorista-projeto-de-lei.htm\" target=\"_blank\" rel=\"noopener\">interven\u00e7\u00f5es n\u00e3o seriam apenas de um determinado pa\u00eds<\/a>. &#8220;O Brasil fica sujeito a san\u00e7\u00f5es de organismos internacionais, at\u00e9 mesmo a ONU pode impor san\u00e7\u00f5es econ\u00f4micas, se o Brasil n\u00e3o souber lidar com organiza\u00e7\u00f5es terroristas&#8221;, afirmou.<\/h3>\n<h3><strong>Para o Planalto, n\u00e3o h\u00e1 efeitos pr\u00e1ticos no combate \u00e0s organiza\u00e7\u00f5es criminosas, caso a proposta fosse aprovada<\/strong>. Isso, porque, segundo Sarrubbo, as experi\u00eancias internacionais que t\u00eam funcionado apontam para uma jun\u00e7\u00e3o de intelig\u00eancia e de retomada dos territ\u00f3rios, como \u00e9 no caso do Rio de Janeiro.<\/h3>\n<\/div>\n<\/div>\n","protected":false},"excerpt":{"rendered":"<p>O\u00a0governo Lula\u00a0\u00e9 contra tornar fac\u00e7\u00f5es criminosas como o\u00a0PCC e o Comando Vermelho em organiza\u00e7\u00f5es terroristas, conforme prev\u00ea um projeto de lei no Congresso. Um dos argumentos usados \u00e9 o risco \u00e0 soberania. Segundo o governo, equiparar as fac\u00e7\u00f5es criminosas ao terrorismo d\u00e1 espa\u00e7o para interven\u00e7\u00f5es de outros pa\u00edses. Ontem, a\u00a0ministra da Secretaria de Rela\u00e7\u00f5es Institucionais, [&hellip;]<\/p>\n","protected":false},"author":2,"featured_media":175396,"comment_status":"open","ping_status":"open","sticky":false,"template":"","format":"standard","meta":{"_links_to":"","_links_to_target":""},"categories":[1],"tags":[],"_links":{"self":[{"href":"https:\/\/www.blogdotarugao.com.br\/v1\/wp-json\/wp\/v2\/posts\/175416"}],"collection":[{"href":"https:\/\/www.blogdotarugao.com.br\/v1\/wp-json\/wp\/v2\/posts"}],"about":[{"href":"https:\/\/www.blogdotarugao.com.br\/v1\/wp-json\/wp\/v2\/types\/post"}],"author":[{"embeddable":true,"href":"https:\/\/www.blogdotarugao.com.br\/v1\/wp-json\/wp\/v2\/users\/2"}],"replies":[{"embeddable":true,"href":"https:\/\/www.blogdotarugao.com.br\/v1\/wp-json\/wp\/v2\/comments?post=175416"}],"version-history":[{"count":1,"href":"https:\/\/www.blogdotarugao.com.br\/v1\/wp-json\/wp\/v2\/posts\/175416\/revisions"}],"predecessor-version":[{"id":175418,"href":"https:\/\/www.blogdotarugao.com.br\/v1\/wp-json\/wp\/v2\/posts\/175416\/revisions\/175418"}],"wp:featuredmedia":[{"embeddable":true,"href":"https:\/\/www.blogdotarugao.com.br\/v1\/wp-json\/wp\/v2\/media\/175396"}],"wp:attachment":[{"href":"https:\/\/www.blogdotarugao.com.br\/v1\/wp-json\/wp\/v2\/media?parent=175416"}],"wp:term":[{"taxonomy":"category","embeddable":true,"href":"https:\/\/www.blogdotarugao.com.br\/v1\/wp-json\/wp\/v2\/categories?post=175416"},{"taxonomy":"post_tag","embeddable":true,"href":"https:\/\/www.blogdotarugao.com.br\/v1\/wp-json\/wp\/v2\/tags?post=175416"}],"curies":[{"name":"wp","href":"https:\/\/api.w.org\/{rel}","templated":true}]}}