{"id":17553,"date":"2014-10-09T22:39:05","date_gmt":"2014-10-10T01:39:05","guid":{"rendered":"http:\/\/www.blogdotarugao.com.br\/v1\/?p=17553"},"modified":"2014-10-11T21:22:58","modified_gmt":"2014-10-12T00:22:58","slug":"gian-e-giovani-anunciam-fim-da-dupla","status":"publish","type":"post","link":"https:\/\/www.blogdotarugao.com.br\/v1\/2014\/10\/09\/gian-e-giovani-anunciam-fim-da-dupla\/","title":{"rendered":"Gian e Giovani anunciam fim da dupla"},"content":{"rendered":"<p><img loading=\"lazy\" src=\"http:\/\/s2.glbimg.com\/d9aqCx9S6SnjBX0iA6eI2loOZYs=\/288x0\/s.glbimg.com\/jo\/eg\/f\/original\/2014\/01\/14\/19612d4315ebbec43555bdb147f778ab.jpg\" alt=\"Gian e Giovani (Foto: Divulga\u00e7\u00e3o\/Divulga\u00e7\u00e3o)\" width=\"494\" height=\"348\" \/><\/p>\n<p>Gian e Giovani v\u00e3o encerrar a dupla. O an\u00fancio foi feito nesta sexta-feira, 10, atrav\u00e9s de um comunicado divulgado \u00e0 imprensa. Leia a \u00edntegra: &#8220;Para afastar quaisquer d\u00favidas e informa\u00e7\u00f5es equivocadas da imprensa em geral, a Ag\u00eancia Produtora, representante exclusiva da dupla Gian &amp; Giovani, vem, por meio de seus canais oficiais, informar a todos f\u00e3s e contratantes que, a partir de 2015, n\u00e3o haver\u00e1 tour da dupla Gian &amp; Giovani. Informamos, outrossim, que todos os compromissos agendados e confirmados ser\u00e3o cumpridos \u00e0 risca pela dupla, inclusive aqueles fechados para 2015, com o mesmo profissionalismo dos quase 30 anos de carreira, respeitando sempre seus f\u00e3s e contratantes. Agradecemos o carinho, respeito e admira\u00e7\u00e3o de todos. GIAN &amp; GIOVANI&#8221;.<br \/>\nNa quinta-feira, 9, Giovani anunciou no Instagram o desejo de seguir carreira solo. &#8220;Sempre coloquei muito amor nas m\u00fasicas que passaram pela minha voz. Quero levantar novos voos, novas dire\u00e7\u00f5es, novos desafios de vida, voar com liberdade para<br \/>\nrealizar um grande sonho. Estou investindo todo meu amor em um novo projeto de vida, que cada acorde das m\u00fasicas, cada verso das can\u00e7\u00f5es ir\u00e1 representar minha paix\u00e3o pela m\u00fasica. Estou gravando um novo CD sozinho que a partir de janeiro estar\u00e1 em todas as lojas do Brasil e r\u00e1dios. Fazer o que a gente ama e trabalhar pelo o que faz nosso cora\u00e7\u00e3o bater forte \u00e9 a melhor coisa dessa vida! Fiquem com Deus todo mundo. Projeto aben\u00e7oado. Um sonho sendo realizado&#8221;, escreveu.<\/p>\n","protected":false},"excerpt":{"rendered":"<p>Gian e Giovani v\u00e3o encerrar a dupla. O an\u00fancio foi feito nesta sexta-feira, 10, atrav\u00e9s de um comunicado divulgado \u00e0 imprensa. Leia a \u00edntegra: &#8220;Para afastar quaisquer d\u00favidas e informa\u00e7\u00f5es equivocadas da imprensa em geral, a Ag\u00eancia Produtora, representante exclusiva da dupla Gian &amp; Giovani, vem, por meio de seus canais oficiais, informar a todos [&hellip;]<\/p>\n","protected":false},"author":2,"featured_media":0,"comment_status":"open","ping_status":"open","sticky":false,"template":"","format":"standard","meta":{"_links_to":"","_links_to_target":""},"categories":[5],"tags":[],"_links":{"self":[{"href":"https:\/\/www.blogdotarugao.com.br\/v1\/wp-json\/wp\/v2\/posts\/17553"}],"collection":[{"href":"https:\/\/www.blogdotarugao.com.br\/v1\/wp-json\/wp\/v2\/posts"}],"about":[{"href":"https:\/\/www.blogdotarugao.com.br\/v1\/wp-json\/wp\/v2\/types\/post"}],"author":[{"embeddable":true,"href":"https:\/\/www.blogdotarugao.com.br\/v1\/wp-json\/wp\/v2\/users\/2"}],"replies":[{"embeddable":true,"href":"https:\/\/www.blogdotarugao.com.br\/v1\/wp-json\/wp\/v2\/comments?post=17553"}],"version-history":[{"count":1,"href":"https:\/\/www.blogdotarugao.com.br\/v1\/wp-json\/wp\/v2\/posts\/17553\/revisions"}],"predecessor-version":[{"id":17554,"href":"https:\/\/www.blogdotarugao.com.br\/v1\/wp-json\/wp\/v2\/posts\/17553\/revisions\/17554"}],"wp:attachment":[{"href":"https:\/\/www.blogdotarugao.com.br\/v1\/wp-json\/wp\/v2\/media?parent=17553"}],"wp:term":[{"taxonomy":"category","embeddable":true,"href":"https:\/\/www.blogdotarugao.com.br\/v1\/wp-json\/wp\/v2\/categories?post=17553"},{"taxonomy":"post_tag","embeddable":true,"href":"https:\/\/www.blogdotarugao.com.br\/v1\/wp-json\/wp\/v2\/tags?post=17553"}],"curies":[{"name":"wp","href":"https:\/\/api.w.org\/{rel}","templated":true}]}}