{"id":17568,"date":"2014-10-11T16:21:49","date_gmt":"2014-10-11T19:21:49","guid":{"rendered":"http:\/\/www.blogdotarugao.com.br\/v1\/?p=17568"},"modified":"2014-10-11T16:21:49","modified_gmt":"2014-10-11T19:21:49","slug":"as-criancas-de-itapetinga-e-regiao-ficaram-na-mao-porque-a-zoo-matinha-continua-fechada","status":"publish","type":"post","link":"https:\/\/www.blogdotarugao.com.br\/v1\/2014\/10\/11\/as-criancas-de-itapetinga-e-regiao-ficaram-na-mao-porque-a-zoo-matinha-continua-fechada\/","title":{"rendered":"AS CRIAN\u00c7AS DE ITAPETINGA E REGI\u00c3O FICARAM NA M\u00c3O PORQUE A ZOO MATINHA CONTINUA FECHADA"},"content":{"rendered":"<p style=\"color: #000000;\">O\u00a0<strong>Dia das Crian\u00e7as<\/strong>, celebrado no<strong>\u00a0dia 12 de outubro\u00a0<\/strong>no Brasil, \u00e9 um dia para comemorar os\u00a0<strong>direitos das crian\u00e7as<\/strong>, e onde normalmente elas ganham muitos presentes de seus familiares.<\/p>\n<p style=\"color: #000000;\"><img loading=\"lazy\" src=\"http:\/\/4.bp.blogspot.com\/_vBEVDLY91Ww\/TBFl0-CB29I\/AAAAAAAACes\/silnBJGRZOk\/s400\/PASSEIO+JOS%C3%89+OT%C3%81VIO+1.JPG\" alt=\"\" width=\"456\" height=\"375\" \/><\/p>\n<div style=\"width: 465px\" class=\"wp-caption alignnone\"><img loading=\"lazy\" src=\"http:\/\/www.blogdodigadiga.com.br\/v1\/wp-content\/uploads\/2014\/01\/1545886_692503687447143_1835480559_n-1.jpg\" alt=\"\" width=\"455\" height=\"303\" \/><p class=\"wp-caption-text\">V\u00e1rias manifesta\u00e7\u00f5es foram feitas, e o prefeito sempre se mostrou insens\u00edvel com essa situa\u00e7\u00e3o.<\/p><\/div>\n<p style=\"color: #000000;\">O Dia das Crian\u00e7as \u00e9 sempre muito aguardado pela crian\u00e7ada, pois al\u00e9m de ganhar os presentes, os pais costumam levar as crian\u00e7as para fazer passeios em <strong>PARQUES DE DIVERS\u00c3O<\/strong>, <strong>ZOOL\u00d3GICOS, PRA\u00c7AS\u00a0<\/strong>e tamb\u00e9m<strong> LANCHONETES<\/strong>\u00a0e<strong>\u00a0SORVETERIAS.<\/strong><\/p>\n<p style=\"color: #000000;\"><img loading=\"lazy\" src=\"http:\/\/www.sudoestehoje.com.br\/novoportal\/wp-content\/uploads\/2013\/11\/matinha.jpg\" alt=\"\" width=\"464\" height=\"348\" \/><img loading=\"lazy\" src=\"https:\/\/fbcdn-sphotos-h-a.akamaihd.net\/hphotos-ak-xpa1\/v\/t34.0-12\/10721021_760436980682982_1996184730_n.jpg?oh=9c5b2f372b1f1559e2227f7122618ca3&amp;oe=543C2FB3&amp;__gda__=1413233299_29c76899593596a05eeaeff1aaa57844\" alt=\"\" width=\"464\" height=\"260\" \/><\/p>\n<p style=\"color: #000000;\"><img loading=\"lazy\" src=\"http:\/\/2.bp.blogspot.com\/_vVz7eu4p26g\/S8bwd54KqCI\/AAAAAAAAADc\/SSRsDu5p6gE\/s1600\/projeto+angela+039.jpg\" alt=\"\" width=\"463\" height=\"348\" \/><\/p>\n<p style=\"color: #000000;\"><img loading=\"lazy\" src=\"http:\/\/www.amigosdobrasil.com.br\/clickadmin\/midias\/galeria\/ItaVist-04.jpg\" alt=\"\" width=\"464\" height=\"348\" \/><\/p>\n<p style=\"color: #000000;\"><img loading=\"lazy\" src=\"http:\/\/3.bp.blogspot.com\/_vVz7eu4p26g\/S8bweqSIIoI\/AAAAAAAAADs\/gMqZXHAMooU\/s1600\/projeto+angela+077.jpg\" alt=\"\" width=\"464\" height=\"348\" \/>Mas em Itapetinga, cidade localizada no sudoeste baiano, as coisas n\u00e3o tem andado muito bem e as crian\u00e7as n\u00e3o s\u00f3 da cidade, mas tamb\u00e9m de toda regi\u00e3o, tem sofrido com o fechamento do<strong> PARQUE ZOO-MATINHA.\u00a0<\/strong><\/p>\n<p style=\"color: #000000;\">Um local agrad\u00e1vel, onde em contato com a natureza se respirava um ar puro, al\u00e9m de poder apreciar v\u00e1rios animais de diferentes esp\u00e9cies.<\/p>\n<p style=\"color: #000000;\">Hoje o mesmo encontra-se abandonado pelo pode p\u00fablico e v\u00e1rios animais j\u00e1 morreram.<\/p>\n<p style=\"color: #000000;\"><img loading=\"lazy\" src=\"http:\/\/www.blogdodigadiga.com.br\/v1\/wp-content\/uploads\/2013\/02\/Sem-t%C3%ADtulo12-300x225.png\" alt=\"Foto G1 Cidades\" width=\"461\" height=\"346\" \/><\/p>\n<p style=\"color: #000000;\"><strong>O PARQUE ZOO-MATINHA\u00a0<\/strong>encontra-se fechado a mais de 2 anos, segundo o prefeito Jos\u00e9 Carlos moura, o mesmo seria reaberto ano passado. Mas como o mesmo n\u00e3o cumpre o que diz, o parque segue fechado.<\/p>\n<p style=\"color: #000000;\"><img loading=\"lazy\" src=\"http:\/\/4.bp.blogspot.com\/-nQiZpNgvADs\/Tknz8vWbf5I\/AAAAAAAAI7s\/NXEykQWV7SU\/s400\/matinha01.JPG\" alt=\"\" width=\"463\" height=\"347\" \/><\/p>\n<p style=\"color: #000000;\"><strong>Origem do Dia das Crian\u00e7as<\/strong><\/p>\n<p>O dia das crian\u00e7as \u00e9 atribu\u00eddo ao deputado federal Galdino do Valle Filho, que apresentou a proposta para a sua cria\u00e7\u00e3o em\u00a01920. A proposta foi aprovada pelos deputados e surgiu o decreto n\u00ba 4867\u00a0de 5 de novembro de 1924, que\u00a0oficializou o dia 12 de Outubro como o dia da Crian\u00e7a.<\/p>\n<p>No entanto, o dia ganhou maior popularidade em 1960, quando a F\u00e1brica de Brinquedos Estrela fez uma promo\u00e7\u00e3o com a Johnson &amp; Johnson e criou\u00a0a &#8220;Semana do Beb\u00ea Robusto&#8221; (como uma estrat\u00e9gia para\u00a0aumentar suas vendas), e\u00a0a partir desse momento\u00a0a data passou a ser comemorada, com a atribui\u00e7\u00e3o de presentes para crian\u00e7as.<\/p>\n<p><strong>Por Eliomar Barreira<\/strong><\/p>\n","protected":false},"excerpt":{"rendered":"<p>O\u00a0Dia das Crian\u00e7as, celebrado no\u00a0dia 12 de outubro\u00a0no Brasil, \u00e9 um dia para comemorar os\u00a0direitos das crian\u00e7as, e onde normalmente elas ganham muitos presentes de seus familiares. O Dia das Crian\u00e7as \u00e9 sempre muito aguardado pela crian\u00e7ada, pois al\u00e9m de ganhar os presentes, os pais costumam levar as crian\u00e7as para fazer passeios em PARQUES DE [&hellip;]<\/p>\n","protected":false},"author":2,"featured_media":0,"comment_status":"open","ping_status":"open","sticky":false,"template":"","format":"standard","meta":{"_links_to":"","_links_to_target":""},"categories":[14,2,1,7,3],"tags":[],"_links":{"self":[{"href":"https:\/\/www.blogdotarugao.com.br\/v1\/wp-json\/wp\/v2\/posts\/17568"}],"collection":[{"href":"https:\/\/www.blogdotarugao.com.br\/v1\/wp-json\/wp\/v2\/posts"}],"about":[{"href":"https:\/\/www.blogdotarugao.com.br\/v1\/wp-json\/wp\/v2\/types\/post"}],"author":[{"embeddable":true,"href":"https:\/\/www.blogdotarugao.com.br\/v1\/wp-json\/wp\/v2\/users\/2"}],"replies":[{"embeddable":true,"href":"https:\/\/www.blogdotarugao.com.br\/v1\/wp-json\/wp\/v2\/comments?post=17568"}],"version-history":[{"count":1,"href":"https:\/\/www.blogdotarugao.com.br\/v1\/wp-json\/wp\/v2\/posts\/17568\/revisions"}],"predecessor-version":[{"id":17572,"href":"https:\/\/www.blogdotarugao.com.br\/v1\/wp-json\/wp\/v2\/posts\/17568\/revisions\/17572"}],"wp:attachment":[{"href":"https:\/\/www.blogdotarugao.com.br\/v1\/wp-json\/wp\/v2\/media?parent=17568"}],"wp:term":[{"taxonomy":"category","embeddable":true,"href":"https:\/\/www.blogdotarugao.com.br\/v1\/wp-json\/wp\/v2\/categories?post=17568"},{"taxonomy":"post_tag","embeddable":true,"href":"https:\/\/www.blogdotarugao.com.br\/v1\/wp-json\/wp\/v2\/tags?post=17568"}],"curies":[{"name":"wp","href":"https:\/\/api.w.org\/{rel}","templated":true}]}}