{"id":17594,"date":"2014-10-12T07:58:05","date_gmt":"2014-10-12T10:58:05","guid":{"rendered":"http:\/\/www.blogdotarugao.com.br\/v1\/?p=17594"},"modified":"2014-10-12T07:58:05","modified_gmt":"2014-10-12T10:58:05","slug":"dilma-foge-de-confrontos-dos-4-debates-programados-para-o-2o-turno-equipe-de-comunicacao-da-presidente-cria-caso-com-dois-os-do-sbtfolhauol-e-o-da-record","status":"publish","type":"post","link":"https:\/\/www.blogdotarugao.com.br\/v1\/2014\/10\/12\/dilma-foge-de-confrontos-dos-4-debates-programados-para-o-2o-turno-equipe-de-comunicacao-da-presidente-cria-caso-com-dois-os-do-sbtfolhauol-e-o-da-record\/","title":{"rendered":"DILMA FOGE DE CONFRONTOS: Dos 4 debates programados para o 2\u00ba turno, equipe de comunica\u00e7\u00e3o da presidente cria caso com dois \u2014 os do SBT\/Folha\/UOL e o da Record"},"content":{"rendered":"<div id=\"headerContent\" class=\"contentAugusto\" style=\"color: #4a4a4a;\">\n<div id=\"content\">\n<div id=\"post-501711\" class=\"post\">\n<div class=\"postConteudo\">\n<p><a style=\"font-weight: bold; color: #ebae00;\" href=\"http:\/\/veja.abril.com.br\/blog\/ricardo-setti\/files\/2014\/10\/dilma-e-a%C3%A9cio-debate-da-globo.jpg\" class=\"gallery_colorbox\"><img loading=\"lazy\" class=\"size-full wp-image-501712\" src=\"http:\/\/veja.abril.com.br\/blog\/ricardo-setti\/files\/2014\/10\/dilma-e-a%C3%A9cio-debate-da-globo.jpg\"  alt=\"Dilma e A\u00e9cio frente a frente no debate da Globo: agora, a presidente est\u00e1 refugando participa\u00e7\u00e3o em alguns debates programados (Foto: Reprodu\u00e7\u00e3o TV Globo)\" width=\"440\" height=\"256\" \/><\/a><\/p>\n<p>Entusiasmado pelos resultados do primeiro turno da elei\u00e7\u00e3o presidencial, o candidato do PSDB, A\u00e9cio Neves, instruiu sua equipe de comunica\u00e7\u00e3o para que aceitassem o maior n\u00famero poss\u00edvel de debates, sejam ou n\u00e3o em rede nacional de TV.<\/p>\n<p>Todavia, nas negocia\u00e7\u00f5es com a equipe de comunica\u00e7\u00e3o de Dilma sobre regras e formatos de debates j\u00e1 programados por emissoras, o pessoal de A\u00e9cio est\u00e1 percebendo dificuldades, jamais admitidas explicitamente, quanto \u00e0 participa\u00e7\u00e3o da presidente Rep\u00fablica em dois deles: no do SBT, em parceria com o portal UOL e com o jornal\u00a0<em>Folha de S. Paulo<\/em>, programado em princ\u00edpio para quinta-feira, 16, e o da Record, que seria no domingo, 19.<\/p>\n<p>Dilma comparecer\u00e1 sem d\u00favida ao primeiro dos debates, na ter\u00e7a-feira, 14, na Band, e ao \u00faltimo de todos, o da Globo, na sexta-feira anterior \u00e0 elei\u00e7\u00e3o, o dia 24 pr\u00f3ximo.<\/p>\n<p>Em nenhum momento a equipe de comunica\u00e7\u00e3o e marketing da presidente informa ou d\u00e1 a entender que ela est\u00e1 reticente em enfrentar A\u00e9cio no SBT e na Record, nas reuni\u00f5es j\u00e1 realizadas em S\u00e3o Paulo. O que vem ocorrendo s\u00e3o restri\u00e7\u00f5es a uma s\u00e9rie de detalhes que, na pr\u00e1tica, impediram a batida de martelo nesses dois eventos.<\/p>\n<p>Ora o pessoal de Dilma acha que em determinado debate haver\u00e1 perguntas demais dos jornalistas, ora h\u00e1 restri\u00e7\u00f5es a perguntas vindas de pessoas comuns (pr\u00e9-gravadas ou em outro formato) \u2014 e por a\u00ed vai.<\/p>\n<p>O que parece \u00e9 que a presidente, que claudica em declara\u00e7\u00f5es p\u00fablicas, se atrapalha com palavras, necessita consultar papelada antes de respostas, r\u00e9plicas ou tr\u00e9plicas em debates, est\u00e1 remanchando \u2014 e evitando se expor mais do que um m\u00ednimo nos confrontos diretos com seu oponente.<\/p>\n<\/div>\n<\/div>\n<\/div>\n<\/div>\n","protected":false},"excerpt":{"rendered":"<p>Entusiasmado pelos resultados do primeiro turno da elei\u00e7\u00e3o presidencial, o candidato do PSDB, A\u00e9cio Neves, instruiu sua equipe de comunica\u00e7\u00e3o para que aceitassem o maior n\u00famero poss\u00edvel de debates, sejam ou n\u00e3o em rede nacional de TV. Todavia, nas negocia\u00e7\u00f5es com a equipe de comunica\u00e7\u00e3o de Dilma sobre regras e formatos de debates j\u00e1 programados [&hellip;]<\/p>\n","protected":false},"author":2,"featured_media":0,"comment_status":"open","ping_status":"open","sticky":false,"template":"","format":"standard","meta":{"_links_to":"","_links_to_target":""},"categories":[21,29,1,7],"tags":[],"_links":{"self":[{"href":"https:\/\/www.blogdotarugao.com.br\/v1\/wp-json\/wp\/v2\/posts\/17594"}],"collection":[{"href":"https:\/\/www.blogdotarugao.com.br\/v1\/wp-json\/wp\/v2\/posts"}],"about":[{"href":"https:\/\/www.blogdotarugao.com.br\/v1\/wp-json\/wp\/v2\/types\/post"}],"author":[{"embeddable":true,"href":"https:\/\/www.blogdotarugao.com.br\/v1\/wp-json\/wp\/v2\/users\/2"}],"replies":[{"embeddable":true,"href":"https:\/\/www.blogdotarugao.com.br\/v1\/wp-json\/wp\/v2\/comments?post=17594"}],"version-history":[{"count":1,"href":"https:\/\/www.blogdotarugao.com.br\/v1\/wp-json\/wp\/v2\/posts\/17594\/revisions"}],"predecessor-version":[{"id":17595,"href":"https:\/\/www.blogdotarugao.com.br\/v1\/wp-json\/wp\/v2\/posts\/17594\/revisions\/17595"}],"wp:attachment":[{"href":"https:\/\/www.blogdotarugao.com.br\/v1\/wp-json\/wp\/v2\/media?parent=17594"}],"wp:term":[{"taxonomy":"category","embeddable":true,"href":"https:\/\/www.blogdotarugao.com.br\/v1\/wp-json\/wp\/v2\/categories?post=17594"},{"taxonomy":"post_tag","embeddable":true,"href":"https:\/\/www.blogdotarugao.com.br\/v1\/wp-json\/wp\/v2\/tags?post=17594"}],"curies":[{"name":"wp","href":"https:\/\/api.w.org\/{rel}","templated":true}]}}