{"id":17596,"date":"2014-10-12T12:34:00","date_gmt":"2014-10-12T15:34:00","guid":{"rendered":"http:\/\/www.blogdotarugao.com.br\/v1\/?p=17596"},"modified":"2014-10-12T12:38:55","modified_gmt":"2014-10-12T15:38:55","slug":"o-corpo-de-murilo-santos-esta-sendo-elado-proximo-a-academia-mar-no-clodoaldo-e-sera-sepultado-as-15-horas-deste-domingo","status":"publish","type":"post","link":"https:\/\/www.blogdotarugao.com.br\/v1\/2014\/10\/12\/o-corpo-de-murilo-santos-esta-sendo-elado-proximo-a-academia-mar-no-clodoaldo-e-sera-sepultado-as-15-horas-deste-domingo\/","title":{"rendered":"O CORPO DE MURILO SANTOS EST\u00c1 SENDO VELADO PR\u00d3XIMO A ACADEMIA AMAR NO CLODOALDO E SER\u00c1 SEPULTADO \u00c1S 15 HORAS DESTE DOMINGO"},"content":{"rendered":"<p><strong><img src=\"http:\/\/www.itarantimonline.com.br\/v1\/wp-content\/uploads\/2014\/10\/GM-MURILO.jpg\" alt=\"FOTO: Reprodu\u00e7\u00e3o Facebook\" \/><\/strong><\/p>\n<p><strong>O corpo de Murilo Santos est\u00e1 sendo velado, pr\u00f3ximo a academia Amar no bairro Clodoaldo Costa, de onde sair\u00e1 o cortejo f\u00fanebre em dire\u00e7\u00e3o ao\u00a0Cemit\u00e9rio Parque da Eternidade \u00e1s 15:00 horas, onde o corpo ser\u00e1 sepultado.<\/strong><\/p>\n<p><strong>A movimenta\u00e7\u00e3o no local \u00e9 intensa, familiares, amigos de Itapetinga e Itarantim (cidade onde Murilo trabalhava Guarda Municipal), Colegas de baba, Guarda Municipal e tamb\u00e9m de arbitragem, est\u00e3o nesse momento deixando os seus \u00faltimos adeus.<\/strong><\/p>\n<p><strong>Murilo sempre foi um rapaz muito educado, Amigueiro e sempre estava de bem com a vida.\u00a0<\/strong><\/p>\n<h4 style=\"color: #1a3337;\">O rapaz \u00a0disputava uma partida de futebol quando teve um mal s\u00fabito, foi socorrido com rapidez para o Hospital Cristo Redentor, por\u00e9m n\u00e3o resistiu, vindo rapidamente a \u00f3bito.<br \/>\nA esposa de Murilo est\u00e1 no s\u00e9timo m\u00eas de gravidez.<br \/>\nO Guarda Municipal \u00e9 irm\u00e3o do GM e Juiz de Futebol \u201cN\u00caGO BAU\u201d, extremamente querido e conhecido em Itapetinga.<br \/>\nMurilo \u00e9 filho da ex funcion\u00e1ria da Direc 14, VERA SANTOS, a Verinha. Companheiros da corpora\u00e7\u00e3o e amigos da cidade de Itarantim, prestam solidariedade no Facebook pelo falecimento do jovem.<\/h4>\n<p><strong>Que Deus conforte o cora\u00e7\u00e3o da fam\u00edlia!<\/strong><\/p>\n<p><strong>Por Eliomar Barreira<\/strong><\/p>\n<p>&nbsp;<\/p>\n","protected":false},"excerpt":{"rendered":"<p>O corpo de Murilo Santos est\u00e1 sendo velado, pr\u00f3ximo a academia Amar no bairro Clodoaldo Costa, de onde sair\u00e1 o cortejo f\u00fanebre em dire\u00e7\u00e3o ao\u00a0Cemit\u00e9rio Parque da Eternidade \u00e1s 15:00 horas, onde o corpo ser\u00e1 sepultado. A movimenta\u00e7\u00e3o no local \u00e9 intensa, familiares, amigos de Itapetinga e Itarantim (cidade onde Murilo trabalhava Guarda Municipal), Colegas [&hellip;]<\/p>\n","protected":false},"author":2,"featured_media":0,"comment_status":"open","ping_status":"open","sticky":false,"template":"","format":"standard","meta":{"_links_to":"","_links_to_target":""},"categories":[6,2,1,3],"tags":[],"_links":{"self":[{"href":"https:\/\/www.blogdotarugao.com.br\/v1\/wp-json\/wp\/v2\/posts\/17596"}],"collection":[{"href":"https:\/\/www.blogdotarugao.com.br\/v1\/wp-json\/wp\/v2\/posts"}],"about":[{"href":"https:\/\/www.blogdotarugao.com.br\/v1\/wp-json\/wp\/v2\/types\/post"}],"author":[{"embeddable":true,"href":"https:\/\/www.blogdotarugao.com.br\/v1\/wp-json\/wp\/v2\/users\/2"}],"replies":[{"embeddable":true,"href":"https:\/\/www.blogdotarugao.com.br\/v1\/wp-json\/wp\/v2\/comments?post=17596"}],"version-history":[{"count":6,"href":"https:\/\/www.blogdotarugao.com.br\/v1\/wp-json\/wp\/v2\/posts\/17596\/revisions"}],"predecessor-version":[{"id":17605,"href":"https:\/\/www.blogdotarugao.com.br\/v1\/wp-json\/wp\/v2\/posts\/17596\/revisions\/17605"}],"wp:attachment":[{"href":"https:\/\/www.blogdotarugao.com.br\/v1\/wp-json\/wp\/v2\/media?parent=17596"}],"wp:term":[{"taxonomy":"category","embeddable":true,"href":"https:\/\/www.blogdotarugao.com.br\/v1\/wp-json\/wp\/v2\/categories?post=17596"},{"taxonomy":"post_tag","embeddable":true,"href":"https:\/\/www.blogdotarugao.com.br\/v1\/wp-json\/wp\/v2\/tags?post=17596"}],"curies":[{"name":"wp","href":"https:\/\/api.w.org\/{rel}","templated":true}]}}