{"id":175972,"date":"2026-04-08T20:01:38","date_gmt":"2026-04-08T23:01:38","guid":{"rendered":"https:\/\/www.blogdotarugao.com.br\/v1\/?p=175972"},"modified":"2026-04-08T20:01:38","modified_gmt":"2026-04-08T23:01:38","slug":"camara-de-itapetinga-aprova-mocao-de-repudio-ao-planserv-por-nao-garantir-tratamento-ao-ex-vereador-daniel-moreira-mesmo-apos-decisao-judicial","status":"publish","type":"post","link":"https:\/\/www.blogdotarugao.com.br\/v1\/2026\/04\/08\/camara-de-itapetinga-aprova-mocao-de-repudio-ao-planserv-por-nao-garantir-tratamento-ao-ex-vereador-daniel-moreira-mesmo-apos-decisao-judicial\/","title":{"rendered":"C\u00e2mara de Itapetinga aprova Mo\u00e7\u00e3o de Rep\u00fadio ao Planserv por n\u00e3o garantir tratamento ao ex-vereador Daniel Moreira, mesmo ap\u00f3s decis\u00e3o judicial"},"content":{"rendered":"<h3><img loading=\"lazy\" class=\"alignnone size-full wp-image-175943\" src=\"https:\/\/www.blogdotarugao.com.br\/v1\/wp-content\/uploads\/2026\/04\/tarugao.jpeg\" alt=\"\" width=\"600\" height=\"316\" \/><\/h3>\n<h3>A C\u00e2mara Municipal de Itapetinga aprovou, na sess\u00e3o ordin\u00e1ria desta quarta-feira (8), a Mo\u00e7\u00e3o de Rep\u00fadio n\u00ba 038\/2026, de autoria do vereador Tarug\u00e3o (MDB), direcionada ao Planserv \u2013 Sistema de Assist\u00eancia \u00e0 Sa\u00fade dos Servidores P\u00fablicos Estaduais, vinculado \u00e0 Secretaria de Administra\u00e7\u00e3o do Governo do Estado da Bahia. A mat\u00e9ria foi aprovada por unanimidade pelos vereadores.<\/h3>\n<h3>Ao apresentar a proposi\u00e7\u00e3o, o autor destacou que a iniciativa se deve \u00e0 situa\u00e7\u00e3o enfrentada pelo ex-vereador Daniel Moreira de Oliveira, benefici\u00e1rio do plano de sa\u00fade, que, segundo relatado, n\u00e3o vem recebendo a assist\u00eancia necess\u00e1ria, mesmo diante de um quadro de sa\u00fade grave. O vereador ressaltou ainda que j\u00e1 existe decis\u00e3o liminar determinando a presta\u00e7\u00e3o do atendimento, a qual, at\u00e9 o momento, n\u00e3o foi cumprida.<\/h3>\n<h3>Durante a defesa da mo\u00e7\u00e3o, Tarug\u00e3o relembrou a trajet\u00f3ria de Daniel Moreira na vida p\u00fablica de Itapetinga, destacando que o ex-parlamentar exerceu tr\u00eas mandatos na C\u00e2mara Municipal \u2014 tendo assumido inicialmente como suplente entre 1984 e 1988 e, posteriormente, como vereador titular nas legislaturas de 1989 a 1992 e de 1993 a 1996.<\/h3>\n<h3>O vereador tamb\u00e9m ressaltou a ampla atua\u00e7\u00e3o de Daniel Moreira na administra\u00e7\u00e3o p\u00fablica municipal e estadual, com passagens como secret\u00e1rio municipal, coordenador da Ciretran por mais de uma d\u00e9cada, al\u00e9m de outras fun\u00e7\u00f5es relevantes exercidas ao longo de sua vida p\u00fablica.<\/h3>\n<h3>Ao tratar da situa\u00e7\u00e3o atual, Tarug\u00e3o chamou aten\u00e7\u00e3o para o que classificou como descaso do Planserv n\u00e3o apenas com Daniel Moreira, mas tamb\u00e9m com outros benefici\u00e1rios, enfatizando a import\u00e2ncia da assist\u00eancia \u00e0 sa\u00fade, especialmente em momentos de maior fragilidade. Segundo ele, o estado de sa\u00fade do ex-vereador \u00e9 grave e marcado por intenso sofrimento.<\/h3>\n<h3>O parlamentar destacou ainda que n\u00e3o \u00e9 comum a C\u00e2mara aprovar mo\u00e7\u00f5es de rep\u00fadio, sendo mais frequentes as manifesta\u00e7\u00f5es de aplauso. No entanto, afirmou que, diante da gravidade do caso e da necessidade de assegurar o cumprimento da decis\u00e3o judicial, a medida se torna necess\u00e1ria.<\/h3>\n<h3>Outros vereadores tamb\u00e9m fizeram uso da palavra durante a sess\u00e3o, manifestando solidariedade ao ex-vereador Daniel Moreira neste momento delicado de tratamento oncol\u00f3gico. Em suas falas, refor\u00e7aram a urg\u00eancia do caso e defenderam que o plano de sa\u00fade atenda com celeridade \u00e0 necessidade do paciente, justificando o voto favor\u00e1vel \u00e0 mo\u00e7\u00e3o diante das circunst\u00e2ncias graves e urgentes.<\/h3>\n<h3>A Mo\u00e7\u00e3o de Rep\u00fadio n\u00ba 038\/2026 pode ser consultada no\u00a0<a href=\"https:\/\/sapl.itapetinga.ba.leg.br\/\">Sistema de Apoio ao Processo Legislativo (SAPL)<\/a>, dispon\u00edvel no site oficial da C\u00e2mara Municipal de Itapetinga. J\u00e1 o v\u00eddeo completo da sess\u00e3o est\u00e1 dispon\u00edvel no canal\u00a0<a href=\"https:\/\/www.youtube.com\/tvcamaraitapetinga\">TV C\u00e2mara Itapetinga<\/a>, no YouTube. A sess\u00e3o tamb\u00e9m foi transmitida ao vivo pela R\u00e1dio Fascina\u00e7\u00e3o FM. (Ascom)<\/h3>\n<p>RK<\/p>\n","protected":false},"excerpt":{"rendered":"<p>A C\u00e2mara Municipal de Itapetinga aprovou, na sess\u00e3o ordin\u00e1ria desta quarta-feira (8), a Mo\u00e7\u00e3o de Rep\u00fadio n\u00ba 038\/2026, de autoria do vereador Tarug\u00e3o (MDB), direcionada ao Planserv \u2013 Sistema de Assist\u00eancia \u00e0 Sa\u00fade dos Servidores P\u00fablicos Estaduais, vinculado \u00e0 Secretaria de Administra\u00e7\u00e3o do Governo do Estado da Bahia. A mat\u00e9ria foi aprovada por unanimidade pelos [&hellip;]<\/p>\n","protected":false},"author":2,"featured_media":175943,"comment_status":"open","ping_status":"open","sticky":false,"template":"","format":"standard","meta":{"_links_to":"","_links_to_target":""},"categories":[1],"tags":[],"_links":{"self":[{"href":"https:\/\/www.blogdotarugao.com.br\/v1\/wp-json\/wp\/v2\/posts\/175972"}],"collection":[{"href":"https:\/\/www.blogdotarugao.com.br\/v1\/wp-json\/wp\/v2\/posts"}],"about":[{"href":"https:\/\/www.blogdotarugao.com.br\/v1\/wp-json\/wp\/v2\/types\/post"}],"author":[{"embeddable":true,"href":"https:\/\/www.blogdotarugao.com.br\/v1\/wp-json\/wp\/v2\/users\/2"}],"replies":[{"embeddable":true,"href":"https:\/\/www.blogdotarugao.com.br\/v1\/wp-json\/wp\/v2\/comments?post=175972"}],"version-history":[{"count":1,"href":"https:\/\/www.blogdotarugao.com.br\/v1\/wp-json\/wp\/v2\/posts\/175972\/revisions"}],"predecessor-version":[{"id":175973,"href":"https:\/\/www.blogdotarugao.com.br\/v1\/wp-json\/wp\/v2\/posts\/175972\/revisions\/175973"}],"wp:featuredmedia":[{"embeddable":true,"href":"https:\/\/www.blogdotarugao.com.br\/v1\/wp-json\/wp\/v2\/media\/175943"}],"wp:attachment":[{"href":"https:\/\/www.blogdotarugao.com.br\/v1\/wp-json\/wp\/v2\/media?parent=175972"}],"wp:term":[{"taxonomy":"category","embeddable":true,"href":"https:\/\/www.blogdotarugao.com.br\/v1\/wp-json\/wp\/v2\/categories?post=175972"},{"taxonomy":"post_tag","embeddable":true,"href":"https:\/\/www.blogdotarugao.com.br\/v1\/wp-json\/wp\/v2\/tags?post=175972"}],"curies":[{"name":"wp","href":"https:\/\/api.w.org\/{rel}","templated":true}]}}