{"id":176024,"date":"2026-04-26T18:36:36","date_gmt":"2026-04-26T21:36:36","guid":{"rendered":"https:\/\/www.blogdotarugao.com.br\/v1\/?p=176024"},"modified":"2026-04-26T18:37:20","modified_gmt":"2026-04-26T21:37:20","slug":"176024","status":"publish","type":"post","link":"https:\/\/www.blogdotarugao.com.br\/v1\/2026\/04\/26\/176024\/","title":{"rendered":"NOTA DE FALECIMENTO: MORRE AOS 38 ANOS SARAJANE &#8220;SARINHA&#8221; FUNCION\u00c1RIA DA VULCABRAS E MORADORA ANTIGA DO MOACIR MOURA"},"content":{"rendered":"<h3><img loading=\"lazy\" class=\"alignnone wp-image-176025\" src=\"https:\/\/www.blogdotarugao.com.br\/v1\/wp-content\/uploads\/2026\/04\/images.jpg\" alt=\"\" width=\"580\" height=\"663\" \/><\/h3>\n<h3>Faleceu na manh\u00e3 deste domingo (26), por volta das 9h50, aos 38 anos a jovem funcion\u00e1rio da Vulcabras, Sarajane da Concei\u00e7\u00e3o dos Santos, a querida e conhecida &#8220;Sarinha&#8221;.<br \/>\nSarinha tinha um hist\u00f3rico de conviv\u00eancia com dores de cabe\u00e7a muito fortes.<br \/>\nEla foi internada na UPA 24h na noite de sexta (24) com fortes dores de cabe\u00e7a. Ela foi medicada e saiu bem da unidade de sa\u00fade.<br \/>\nNo s\u00e1bado (25) por volta das 20h, ela voltou a se sentir mal, foi encaminhada e internada, fez v\u00f4mito e a satura\u00e7\u00e3o baixou rapidamente.<br \/>\nOs m\u00e9dicos decidiram pela entuba\u00e7\u00e3o, que foi realizada com sucesso.<br \/>\nOs m\u00e9dicos informaram a fam\u00edlia sobre a situa\u00e7\u00e3o delicada da sa\u00fade de Sarinha.<br \/>\nO nome dela foi inserido na lista \u00fanica de Regula\u00e7\u00e3o do Estado, mas pelo estado grave que ela estava, n\u00e3o tinha condi\u00e7\u00f5es de transfer\u00eancia.<br \/>\nUma multid\u00e3o de familiares e amigos, fizeram Virg\u00edlia na frente da UPA 24h durante a madrugada.<br \/>\nSarinha lutou pela vida, mas infelizmente n\u00e3o resistiu e nos deixou.<br \/>\nEla deixou um legado bonito, era muito querida entre os familiares, colegas de trabalho e amigos.<br \/>\nSarinha deixa o esposo: Renan Brito<br \/>\nFilhos: Guilherme, Sabrina, Carol e Rian.<br \/>\nNeto: Anthony.<br \/>\nO corpo ser\u00e1 velado no Residencial Moacir Moura na Via 1 quadra k bloco 9 casa 6.<br \/>\n\u201cDisse-lhe Jesus: \u2018Eu sou a ressurrei\u00e7\u00e3o e a vida. Aquele que cr\u00ea em mim, ainda que esteja morto, viver\u00e1. E todo aquele que vive e cr\u00ea em mim, jamais morrer\u00e1 Descanse em paz, Sarinha! (Instagram@tarugaobarreira)<\/h3>\n","protected":false},"excerpt":{"rendered":"<p>Faleceu na manh\u00e3 deste domingo (26), por volta das 9h50, aos 38 anos a jovem funcion\u00e1rio da Vulcabras, Sarajane da Concei\u00e7\u00e3o dos Santos, a querida e conhecida &#8220;Sarinha&#8221;. Sarinha tinha um hist\u00f3rico de conviv\u00eancia com dores de cabe\u00e7a muito fortes. Ela foi internada na UPA 24h na noite de sexta (24) com fortes dores de [&hellip;]<\/p>\n","protected":false},"author":2,"featured_media":176025,"comment_status":"open","ping_status":"open","sticky":false,"template":"","format":"standard","meta":{"_links_to":"","_links_to_target":""},"categories":[1],"tags":[],"_links":{"self":[{"href":"https:\/\/www.blogdotarugao.com.br\/v1\/wp-json\/wp\/v2\/posts\/176024"}],"collection":[{"href":"https:\/\/www.blogdotarugao.com.br\/v1\/wp-json\/wp\/v2\/posts"}],"about":[{"href":"https:\/\/www.blogdotarugao.com.br\/v1\/wp-json\/wp\/v2\/types\/post"}],"author":[{"embeddable":true,"href":"https:\/\/www.blogdotarugao.com.br\/v1\/wp-json\/wp\/v2\/users\/2"}],"replies":[{"embeddable":true,"href":"https:\/\/www.blogdotarugao.com.br\/v1\/wp-json\/wp\/v2\/comments?post=176024"}],"version-history":[{"count":2,"href":"https:\/\/www.blogdotarugao.com.br\/v1\/wp-json\/wp\/v2\/posts\/176024\/revisions"}],"predecessor-version":[{"id":176027,"href":"https:\/\/www.blogdotarugao.com.br\/v1\/wp-json\/wp\/v2\/posts\/176024\/revisions\/176027"}],"wp:featuredmedia":[{"embeddable":true,"href":"https:\/\/www.blogdotarugao.com.br\/v1\/wp-json\/wp\/v2\/media\/176025"}],"wp:attachment":[{"href":"https:\/\/www.blogdotarugao.com.br\/v1\/wp-json\/wp\/v2\/media?parent=176024"}],"wp:term":[{"taxonomy":"category","embeddable":true,"href":"https:\/\/www.blogdotarugao.com.br\/v1\/wp-json\/wp\/v2\/categories?post=176024"},{"taxonomy":"post_tag","embeddable":true,"href":"https:\/\/www.blogdotarugao.com.br\/v1\/wp-json\/wp\/v2\/tags?post=176024"}],"curies":[{"name":"wp","href":"https:\/\/api.w.org\/{rel}","templated":true}]}}