{"id":176042,"date":"2026-04-30T11:33:52","date_gmt":"2026-04-30T14:33:52","guid":{"rendered":"https:\/\/www.blogdotarugao.com.br\/v1\/?p=176042"},"modified":"2026-04-30T11:33:52","modified_gmt":"2026-04-30T14:33:52","slug":"em-coletiva-prefeitura-anuncia-grade-do-sao-joao-de-itapetinga-2026","status":"publish","type":"post","link":"https:\/\/www.blogdotarugao.com.br\/v1\/2026\/04\/30\/em-coletiva-prefeitura-anuncia-grade-do-sao-joao-de-itapetinga-2026\/","title":{"rendered":"Em coletiva, prefeitura anuncia grade do S\u00e3o Jo\u00e3o de Itapetinga 2026"},"content":{"rendered":"<p><img loading=\"lazy\" class=\"alignnone size-full wp-image-176043\" src=\"https:\/\/www.blogdotarugao.com.br\/v1\/wp-content\/uploads\/2026\/04\/WhatsApp-Image-2026-04-29-at-18.05.25.jpeg\" alt=\"\" width=\"600\" height=\"338\" \/><\/p>\n<h3>A Prefeitura de Itapetinga realizou uma coletiva de imprensa para anunciar oficialmente a programa\u00e7\u00e3o do S\u00e3o Jo\u00e3o 2026, destacando n\u00e3o apenas as atra\u00e7\u00f5es musicais, mas tamb\u00e9m a import\u00e2ncia da festa para a valoriza\u00e7\u00e3o cultural e o desenvolvimento econ\u00f4mico do munic\u00edpio.<\/h3>\n<h3>Reconhecido como uma das celebra\u00e7\u00f5es mais aguardadas do ano, o S\u00e3o Jo\u00e3o movimenta diferentes setores da cidade, impulsionando o com\u00e9rcio e fortalecendo tradi\u00e7\u00f5es nordestinas como a m\u00fasica, a culin\u00e1ria t\u00edpica e as manifesta\u00e7\u00f5es populares. Segundo a gest\u00e3o municipal, o evento foi planejado em parceria com o Governo do Estado e produtores culturais, com o objetivo de atender p\u00fablicos diversos e ampliar o impacto positivo na economia local.<\/h3>\n<h3><strong><em>A programa\u00e7\u00e3o, anunciada pelo prefeito Eduardo Hagge<\/em><\/strong>, ter\u00e1 in\u00edcio no s\u00e1bado,\u00a0<em>20 de junho<\/em>, reunindo artistas de destaque regional e nacional. A abertura contar\u00e1 com o jovem\u00a0<strong>Theuzinho<\/strong>, revela\u00e7\u00e3o do arrocha e do piseiro, seguido pela cantora\u00a0<strong>Solange Almeida<\/strong>, que trar\u00e1 sucessos de sua trajet\u00f3ria na Banda Avi\u00f5es do Forr\u00f3 e da carreira solo. A tradicional banda\u00a0<strong>Lord\u00e3o\u00a0<\/strong>tamb\u00e9m sobe ao palco, prometendo animar o p\u00fablico com sua energia caracter\u00edstica. A noite ainda ter\u00e1 apresenta\u00e7\u00f5es da banda\u00a0<strong>Seu Mastruz<\/strong>, al\u00e9m de<strong>\u00a0Boteco das Amigas<\/strong>\u00a0e\u00a0<strong>Pipoco do Trov\u00e3o.<\/strong><\/h3>\n<h3>No domingo,\u00a0<em>21 de junho<\/em>, o p\u00fablico poder\u00e1 reviver grandes momentos do forr\u00f3 com\u00a0<strong>K\u00e1tia Cilene e Adu\u00edlio Mendes<\/strong>, em um show marcado pela nostalgia dos tempos de Mastruz com Leite. A programa\u00e7\u00e3o segue com<strong>\u00a0Targino Gondim<\/strong>, um dos nomes mais consagrados do forr\u00f3 brasileiro, al\u00e9m de\u00a0<strong>Dan Ventura<\/strong>,\u00a0<strong>Banda Anjo Azul<\/strong>\u00a0e Banda\u00a0<strong>Tome Xote<\/strong>, garantindo diversidade de ritmos.<\/h3>\n<h3><em>Na segunda-feira, 22<\/em>, a cantora\u00a0<strong>Larissa Gomes<\/strong>\u00a0leva ao palco o arrocha universit\u00e1rio, enquanto a Banda\u00a0<strong>Raneychas\u00a0<\/strong>promete animar o p\u00fablico com um repert\u00f3rio que mistura arrocha e sertanejo.\u00a0<strong>Thulio Milion\u00e1rio<\/strong>, conhecido como o \u201crei das vaquejadas\u201d, tamb\u00e9m integra a grade. Um dos momentos mais aguardados da noite ser\u00e1 o show de\u00a0<strong>Amado Batista<\/strong>, \u00edcone da m\u00fasica rom\u00e2ntica brasileira, que promete emocionar o p\u00fablico.<\/h3>\n<h3><em>No dia 23<\/em>, o Parque da Lagoa vai se encher de tradi\u00e7\u00e3o e cultura no S\u00e3o Raiz: Quadrilhas, casamento matuto, trio nordestino, comidas t\u00edpicas, festival de licor e tudo mais para reunir a fam\u00edlia e celebrar nosso Santo mais festeiro.<\/h3>\n<h3>O S\u00e3o Pedro de Bandeira do Col\u00f4nia tamb\u00e9m est\u00e1 confirmado com atra\u00e7\u00f5es como\u00a0<strong>Mary Tenta\u00e7\u00e3o, Lipe Gama, Fogo Latino, Kaio Oliveira e Cris Mel<\/strong>.<\/h3>\n<h3>Durante a coletiva, o diretor de cultura, Marco Correia, falou sobre a import\u00e2ncia do fomento da tradi\u00e7\u00e3o e cultura. De acordo com o diretor, em maio, um edital ser\u00e1 aberto para selecionar os artistas locais que compor\u00e3o a grade do evento.<\/h3>\n<h3>O secret\u00e1rio de Governo, Geraldo Trindade, destacou a import\u00e2ncia da responsabilidade fiscal, explicando que a prefeitura buscou aporte financeiro com o Governo do Estado e empres\u00e1rios da regi\u00e3o que apostaram no munic\u00edpio para o desenvolvimento de uma das maiores festas juninas da regi\u00e3o.<\/h3>\n<h3>Com uma programa\u00e7\u00e3o ampla e diversificada, o S\u00e3o Jo\u00e3o de Itapetinga refor\u00e7a seu papel como um dos principais eventos culturais da regi\u00e3o, celebrando tradi\u00e7\u00f5es e gerando oportunidades para a popula\u00e7\u00e3o local.<\/h3>\n<p>RK<\/p>\n","protected":false},"excerpt":{"rendered":"<p>A Prefeitura de Itapetinga realizou uma coletiva de imprensa para anunciar oficialmente a programa\u00e7\u00e3o do S\u00e3o Jo\u00e3o 2026, destacando n\u00e3o apenas as atra\u00e7\u00f5es musicais, mas tamb\u00e9m a import\u00e2ncia da festa para a valoriza\u00e7\u00e3o cultural e o desenvolvimento econ\u00f4mico do munic\u00edpio. Reconhecido como uma das celebra\u00e7\u00f5es mais aguardadas do ano, o S\u00e3o Jo\u00e3o movimenta diferentes setores [&hellip;]<\/p>\n","protected":false},"author":2,"featured_media":176043,"comment_status":"open","ping_status":"open","sticky":false,"template":"","format":"standard","meta":{"_links_to":"","_links_to_target":""},"categories":[1],"tags":[],"_links":{"self":[{"href":"https:\/\/www.blogdotarugao.com.br\/v1\/wp-json\/wp\/v2\/posts\/176042"}],"collection":[{"href":"https:\/\/www.blogdotarugao.com.br\/v1\/wp-json\/wp\/v2\/posts"}],"about":[{"href":"https:\/\/www.blogdotarugao.com.br\/v1\/wp-json\/wp\/v2\/types\/post"}],"author":[{"embeddable":true,"href":"https:\/\/www.blogdotarugao.com.br\/v1\/wp-json\/wp\/v2\/users\/2"}],"replies":[{"embeddable":true,"href":"https:\/\/www.blogdotarugao.com.br\/v1\/wp-json\/wp\/v2\/comments?post=176042"}],"version-history":[{"count":1,"href":"https:\/\/www.blogdotarugao.com.br\/v1\/wp-json\/wp\/v2\/posts\/176042\/revisions"}],"predecessor-version":[{"id":176044,"href":"https:\/\/www.blogdotarugao.com.br\/v1\/wp-json\/wp\/v2\/posts\/176042\/revisions\/176044"}],"wp:featuredmedia":[{"embeddable":true,"href":"https:\/\/www.blogdotarugao.com.br\/v1\/wp-json\/wp\/v2\/media\/176043"}],"wp:attachment":[{"href":"https:\/\/www.blogdotarugao.com.br\/v1\/wp-json\/wp\/v2\/media?parent=176042"}],"wp:term":[{"taxonomy":"category","embeddable":true,"href":"https:\/\/www.blogdotarugao.com.br\/v1\/wp-json\/wp\/v2\/categories?post=176042"},{"taxonomy":"post_tag","embeddable":true,"href":"https:\/\/www.blogdotarugao.com.br\/v1\/wp-json\/wp\/v2\/tags?post=176042"}],"curies":[{"name":"wp","href":"https:\/\/api.w.org\/{rel}","templated":true}]}}