{"id":17617,"date":"2014-10-13T22:37:43","date_gmt":"2014-10-14T01:37:43","guid":{"rendered":"http:\/\/www.blogdotarugao.com.br\/v1\/?p=17617"},"modified":"2014-10-13T22:37:43","modified_gmt":"2014-10-14T01:37:43","slug":"aecio-tem-cinco-armas-para-conquistar-o-eleitor-do-nordeste-conheca","status":"publish","type":"post","link":"https:\/\/www.blogdotarugao.com.br\/v1\/2014\/10\/13\/aecio-tem-cinco-armas-para-conquistar-o-eleitor-do-nordeste-conheca\/","title":{"rendered":"A\u00e9cio tem cinco armas para conquistar o eleitor do Nordeste; conhe\u00e7a"},"content":{"rendered":"<div class=\"imagem-representativa imagem-615x300\">\n<ul style=\"font-weight: inherit; font-style: inherit;\">\n<li style=\"font-weight: inherit; font-style: inherit;\"><img loading=\"lazy\" class=\"imagem\" style=\"font-weight: inherit; font-style: inherit;\" title=\"Carlo Wrede\/Ag\u00eancia O Dia\/Estad\u00e3o Conte\u00fado\" src=\"http:\/\/imguol.com\/c\/noticias\/2014\/09\/21\/21set2014---o-cantor-fagner-posa-ao-lado-do-candidato-do-psdb-a-presidencia-da-republica-aecio-neves-nestse-domingo-21-durante-uma-visita-a-feira-de-sao-cristovao-no-centro-de-tradicoes-nordestinas-1411330546687_615x300.jpg\" alt=\"A\u00e9cio Neves tem o apoio do cantor cearense Fagner \" width=\"600\" height=\"300\" \/>\n<p style=\"font-weight: bold; font-style: inherit;\">A\u00e9cio Neves tem o apoio do cantor cearense Fagner<\/p>\n<\/li>\n<\/ul>\n<\/div>\n<p>O candidato \u00e0 Presid\u00eancia\u00a0<strong style=\"font-weight: bold; font-style: inherit;\"><a href=\"http:\/\/noticias.uol.com.br\/politica\/politicos-brasil\/2014\/presidente\/br\/10031960-aecio-neves.htm\">A\u00e9cio Neves (PSDB)<\/a><\/strong>\u00a0tem uma miss\u00e3o nesta campanha de segundo turno: conquistar o Nordeste. Na primeira rodada da elei\u00e7\u00e3o,\u00a0<strong style=\"font-weight: bold; font-style: inherit;\"><a href=\"http:\/\/eleicoes.uol.com.br\/2014\/raio-x\/1-turno\/presidente\/#resultado-por-estado\/candidato\">o tucano obteve somente 15% dos votos na regi\u00e3o<\/a><\/strong>\u00a0que \u00e9 o segundo maior col\u00e9gio eleitoral do pa\u00eds.<\/p>\n<p>Na reta final do primeiro turno, disposto a ultrapassar Marina Silva (PSB) e conquistar uma vaga para o embate final com Dilma Rousseff (PT), A\u00e9cio focou sua campanha na regi\u00e3o Sudeste, especialmente nos Estados de S\u00e3o Paulo e Minas Gerais, os dois com o maior n\u00famero de eleitores no Brasil.<\/p>\n<p>A estrat\u00e9gia deu certo. O tucano venceu em S\u00e3o Paulo e ultrapassou Marina em Minas, apesar de ter ficado atr\u00e1s de Dilma. Foi suficiente para garantir a passagem para o segundo turno. Na rodada final desta elei\u00e7\u00e3o, por\u00e9m, A\u00e9cio n\u00e3o pode se dar ao luxo de negligenciar o Nordeste. Por causa disso, o tucano tem assumido uma estrat\u00e9gia para conquistar cora\u00e7\u00f5es e mentes nordestinas. Veja, abaixo, quais s\u00e3o as principais armas da candidatura do PSDB para aumentar sua penetra\u00e7\u00e3o nos Estados do Nordeste.<\/p>\n<p>&nbsp;<\/p>\n<section class=\"embed-lista type5 numerada isWeb\">\n<div class=\"container\" style=\"font-weight: inherit; font-style: inherit;\">\n<div class=\"topo\" style=\"font-weight: bold; font-style: inherit;\"><span class=\"font-color1\" style=\"font-weight: inherit; font-style: inherit; color: #297acc !important;\">As cinco armas para conquistar o eleitor do Nordeste<\/span><\/div>\n<ul style=\"font-weight: inherit; font-style: inherit;\">\n<li style=\"font-weight: inherit; font-style: inherit;\">\n<div class=\"item_container\" style=\"font-weight: inherit; font-style: inherit;\">\n<div class=\"pos_img h-opacity90 transition-050 \" style=\"font-weight: inherit; font-style: inherit;\">\n<div class=\"image_200x200\" style=\"font-weight: inherit; font-style: inherit;\"><img loading=\"lazy\" class=\"c300x300\" style=\"font-weight: inherit; font-style: inherit;\" title=\"Reprodu\u00e7\u00e3o\/Twitter\/@A\u00e9cioNeves\" src=\"http:\/\/imguol.com\/c\/noticias\/2014\/10\/11\/aecio-neves-psdb-candidato-a-presidencia-divulgou-em-sua-conta-no-twitter-imagem-com-renata-campos-centro-viuva-do-ex-governador-eduardo-campos-neste-sabado-11-em-recife-pe-a-familia-declarou-1413056756808_300x300.jpg\" alt=\"Reprodu\u00e7\u00e3o\/Twitter\/@A\u00e9cioNeves\" width=\"200\" height=\"200\" \/><\/div>\n<div class=\"posicao uoltext font-color1\" style=\"font-weight: inherit; font-style: inherit; color: #297acc !important;\"><span style=\"font-weight: inherit; font-style: inherit;\">1<\/span><\/div>\n<\/div>\n<div class=\"info\" style=\"font-weight: inherit; font-style: inherit;\">\n<div class=\"top\" style=\"font-weight: inherit; font-style: inherit;\"><span class=\"titulo transition-050 sprites1\" style=\"font-weight: bold; font-style: inherit;\">Evoca\u00e7\u00e3o a Eduardo Campos<\/span><\/div>\n<p><span class=\"complemento h-opacity65 transition-050 \" style=\"font-weight: inherit; font-style: inherit;\">A\u00e9cio se esfor\u00e7ou para obter o apoio do PSB e da fam\u00edlia do ex-governador de PE Eduardo Campos (PSB), morto em um acidente a\u00e9reo. Campos era um dos nomes mais fortes da pol\u00edtica nordestina dos \u00faltimos anos. Ao obter o apoio de sua fam\u00edlia, o que aconteceu no s\u00e1bado (11), A\u00e9cio ganhou o aval que queria para poder vender sua candidatura como aquela que dar\u00e1 continuidade ao projeto do ex-governador.<\/span><span class=\"credito h-opacity65 transition-050 \" style=\"font-weight: inherit; font-style: inherit; color: #666666;\">Foto: Reprodu\u00e7\u00e3o\/Twitter\/@A\u00e9cioNeves<\/span><\/div>\n<\/div>\n<\/li>\n<li style=\"font-weight: inherit; font-style: inherit;\">\n<div class=\"item_container\" style=\"font-weight: inherit; font-style: inherit;\">\n<div class=\"pos_img h-opacity90 transition-050 \" style=\"font-weight: inherit; font-style: inherit;\">\n<div class=\"image_200x200\" style=\"font-weight: inherit; font-style: inherit;\"><img loading=\"lazy\" class=\"c300x300\" style=\"font-weight: inherit; font-style: inherit;\" title=\"Carlo Wrede\/Ag\u00eancia O Dia\/Estad\u00e3o Conte\u00fado\" src=\"http:\/\/imguol.com\/c\/noticias\/2014\/09\/21\/21set2014---o-candidato-do-psdb-a-presidencia-da-republica-aecio-neves-a-dir-visita-a-feira-de-sao-cristovao-centro-de-tradicoes-nordestinas-da-zona-norte-do-rio-de-janeiro-ao-lado-do-cantor-1411347739491_300x300.jpg\" alt=\"Carlo Wrede\/Ag\u00eancia O Dia\/Estad\u00e3o Conte\u00fado\" width=\"200\" height=\"200\" \/><\/div>\n<div class=\"posicao uoltext font-color1\" style=\"font-weight: inherit; font-style: inherit; color: #297acc !important;\"><span style=\"font-weight: inherit; font-style: inherit;\">2<\/span><\/div>\n<\/div>\n<div class=\"info\" style=\"font-weight: inherit; font-style: inherit;\">\n<div class=\"top\" style=\"font-weight: inherit; font-style: inherit;\"><span class=\"titulo transition-050 sprites1\" style=\"font-weight: bold; font-style: inherit;\">Amplia\u00e7\u00e3o do Bolsa Fam\u00edlia<\/span><\/div>\n<p><span class=\"complemento h-opacity65 transition-050 \" style=\"font-weight: inherit; font-style: inherit;\">Tido como um dos maiores &#8220;cabos eleitorais&#8221; do governo Dilma na regi\u00e3o, o programa social Bolsa Fam\u00edlia tem recebido aten\u00e7\u00e3o especial de A\u00e9cio. Em mais de uma oportunidade, o tucano j\u00e1 reiterou que n\u00e3o ir\u00e1, caso eleito, extinguir o programa. Pelo contr\u00e1rio, afirma o candidato, ir\u00e1 aprimor\u00e1-lo e aumentar sua abrang\u00eancia. Al\u00e9m disso, ele tem se esfor\u00e7ado para descolar a marca do Bolsa Fam\u00edlia do PT.<\/span><span class=\"credito h-opacity65 transition-050 \" style=\"font-weight: inherit; font-style: inherit; color: #666666;\">Foto: Carlo Wrede\/Ag\u00eancia O Dia\/Estad\u00e3o Conte\u00fado<\/span><\/div>\n<\/div>\n<\/li>\n<li style=\"font-weight: inherit; font-style: inherit;\">\n<div class=\"item_container\" style=\"font-weight: inherit; font-style: inherit;\">\n<div class=\"pos_img h-opacity90 transition-050 \" style=\"font-weight: inherit; font-style: inherit;\">\n<div class=\"image_200x200\" style=\"font-weight: inherit; font-style: inherit;\"><img loading=\"lazy\" class=\"c300x300\" style=\"font-weight: inherit; font-style: inherit;\" title=\"Edson Magoolin\/Futura Press\/Estad\u00e3o Conte\u00fado\" src=\"http:\/\/imguol.com\/c\/noticias\/2014\/03\/01\/28fev2014---o-prefeito-de-salvador-acm-neto-e-o-senador-e-pre-candidato-a-presidencia-da-republica-pelo-psdb-aecio-neves-conversam-em-camarote-durante-festa-de-carnaval-em-salvador-nesta-1393712737793_300x300.jpg\" alt=\"Edson Magoolin\/Futura Press\/Estad\u00e3o Conte\u00fado\" width=\"200\" height=\"200\" \/><\/div>\n<div class=\"posicao uoltext font-color1\" style=\"font-weight: inherit; font-style: inherit; color: #297acc !important;\"><span style=\"font-weight: inherit; font-style: inherit;\">3<\/span><\/div>\n<\/div>\n<div class=\"info\" style=\"font-weight: inherit; font-style: inherit;\">\n<div class=\"top\" style=\"font-weight: inherit; font-style: inherit;\"><span class=\"titulo transition-050 sprites1\" style=\"font-weight: bold; font-style: inherit;\">Se aproximar de pol\u00edticos locais<\/span><\/div>\n<p><span class=\"complemento h-opacity65 transition-050 \" style=\"font-weight: inherit; font-style: inherit;\">Ciente de que seu nome e sua imagem n\u00e3o possuem a mesma penetra\u00e7\u00e3o no Nordeste que t\u00eam no Sul e Sudeste, A\u00e9cio procura lastrear sua candidatura atrelando-a a lideran\u00e7as pol\u00edticas locais. Da\u00ed a import\u00e2ncia do apoio da fam\u00edlia Campos. Da\u00ed a import\u00e2ncia do ato que reuniu mais de cem pol\u00edticos a seu favor, incluindo ACM Neto (DEM-BA), Jarbas Vasconcelos (PMDB-PE) e Tasso Jereissati (PSDB-CE).<\/span><span class=\"credito h-opacity65 transition-050 \" style=\"font-weight: inherit; font-style: inherit; color: #666666;\">Foto: Edson Magoolin\/Futura Press\/Estad\u00e3o Conte\u00fado<\/span><\/div>\n<\/div>\n<\/li>\n<li style=\"font-weight: inherit; font-style: inherit;\">\n<div class=\"item_container\" style=\"font-weight: inherit; font-style: inherit;\">\n<div class=\"pos_img \" style=\"font-weight: inherit; font-style: inherit;\">\n<div class=\"image_200x200\" style=\"font-weight: inherit; font-style: inherit;\"><img loading=\"lazy\" class=\"c300x300\" style=\"font-weight: inherit; font-style: inherit;\" title=\"Denilton Dias\/O Tempo\/Futura Press\" src=\"http:\/\/imguol.com\/c\/noticias\/2014\/06\/10\/10jun2014---o-presidente-do-psdb-e-pre-candidato-a-presidencia-do-brasil-aecio-neves-participa-de-convencao-do-partido-em-belo-horizonte-minas-gerais-nesta-terca-feira-10-o-ex-governador-de-minas-1402445089266_300x300.jpg\" alt=\"Denilton Dias\/O Tempo\/Futura Press\" width=\"200\" height=\"200\" \/><\/div>\n<div class=\"posicao uoltext font-color1\" style=\"font-weight: inherit; font-style: inherit; color: #297acc !important;\"><span style=\"font-weight: inherit; font-style: inherit;\">4<\/span><\/div>\n<\/div>\n<div class=\"info\" style=\"font-weight: inherit; font-style: inherit;\">\n<div class=\"top\" style=\"font-weight: inherit; font-style: inherit;\"><span class=\"titulo \" style=\"font-weight: bold; font-style: inherit;\">Lembrar a &#8220;Minas Gerais do Nordeste&#8221;<\/span><\/div>\n<p><span class=\"complemento \" style=\"font-weight: inherit; font-style: inherit;\">Para refor\u00e7ar a ideia de que &#8220;governa para os pobres&#8221;, e que, portanto, ir\u00e1 governar buscando reduzir a desigualdade entre as regi\u00f5es do pa\u00eds, o tucano tem citado n\u00fameros que atribui \u00e0 sua administra\u00e7\u00e3o em Minas (2003-10). Segundo ele, o Norte de Minas, o Vale do Jequitinhonha e o Vale do Mucuri, as regi\u00f5es mais pobres do Estado, receberam tr\u00eas vezes mais recursos per capita que o resto do Estado.<\/span><span class=\"credito \" style=\"font-weight: inherit; font-style: inherit; color: #666666;\">Foto: Denilton Dias\/O Tempo\/Futura Press<\/span><\/div>\n<\/div>\n<\/li>\n<li style=\"font-weight: inherit; font-style: inherit;\">\n<div class=\"item_container\" style=\"font-weight: inherit; font-style: inherit;\">\n<div class=\"pos_img \" style=\"font-weight: inherit; font-style: inherit;\">\n<div class=\"image_200x200\" style=\"font-weight: inherit; font-style: inherit;\"><img loading=\"lazy\" class=\"c300x300\" style=\"font-weight: inherit; font-style: inherit;\" title=\"Joel Silva\/Folhapress\" src=\"http:\/\/imguol.com\/c\/noticias\/2014\/10\/05\/5out2014---o-candidato-do-psdb-a-presidencia-da-republica-aecio-neves-fala-sobre-resultado-do-primeiro-turno-das-eleicoes-na-noite-deste-domingo-5-com-3563-dos-votos-ele-foi-para-o-1412557739330_300x300.jpg\" alt=\"Joel Silva\/Folhapress\" width=\"200\" height=\"200\" \/><\/div>\n<div class=\"posicao uoltext font-color1\" style=\"font-weight: inherit; font-style: inherit; color: #297acc !important;\"><span style=\"font-weight: inherit; font-style: inherit;\">5.<\/span><\/div>\n<\/div>\n<div class=\"info\" style=\"font-weight: inherit; font-style: inherit;\">\n<div class=\"top\" style=\"font-weight: inherit; font-style: inherit;\"><span class=\"titulo \" style=\"font-weight: bold; font-style: inherit;\">Presidente da uni\u00e3o nacional<\/span><\/div>\n<p><span class=\"complemento \" style=\"font-weight: inherit; font-style: inherit;\">Ancorado no mesmo argumento, de que teria governado Minas priorizando a diminui\u00e7\u00e3o das desigualdades regionais, A\u00e9cio tem dito que \u00e9 ele o candidato que poder\u00e1 acabar com a distin\u00e7\u00e3o que existe entre Norte e Sul. De acordo com ele, Dilma e o PT t\u00eam feito uma campanha que estimula a rivalidade entre o Nordeste e o Sudeste, em um clima de &#8220;n\u00f3s contra eles&#8221;, o que gera &#8220;divis\u00f5es contraproducentes&#8221;.<\/span><span class=\"credito \" style=\"font-weight: inherit; font-style: inherit; color: #666666;\">Foto: Joel Silva\/Folhapress<\/span><\/div>\n<\/div>\n<\/li>\n<\/ul>\n<\/div>\n<\/section>\n","protected":false},"excerpt":{"rendered":"<p>A\u00e9cio Neves tem o apoio do cantor cearense Fagner O candidato \u00e0 Presid\u00eancia\u00a0A\u00e9cio Neves (PSDB)\u00a0tem uma miss\u00e3o nesta campanha de segundo turno: conquistar o Nordeste. Na primeira rodada da elei\u00e7\u00e3o,\u00a0o tucano obteve somente 15% dos votos na regi\u00e3o\u00a0que \u00e9 o segundo maior col\u00e9gio eleitoral do pa\u00eds. Na reta final do primeiro turno, disposto a ultrapassar [&hellip;]<\/p>\n","protected":false},"author":2,"featured_media":0,"comment_status":"open","ping_status":"open","sticky":false,"template":"","format":"standard","meta":{"_links_to":"","_links_to_target":""},"categories":[21,29,1,7],"tags":[],"_links":{"self":[{"href":"https:\/\/www.blogdotarugao.com.br\/v1\/wp-json\/wp\/v2\/posts\/17617"}],"collection":[{"href":"https:\/\/www.blogdotarugao.com.br\/v1\/wp-json\/wp\/v2\/posts"}],"about":[{"href":"https:\/\/www.blogdotarugao.com.br\/v1\/wp-json\/wp\/v2\/types\/post"}],"author":[{"embeddable":true,"href":"https:\/\/www.blogdotarugao.com.br\/v1\/wp-json\/wp\/v2\/users\/2"}],"replies":[{"embeddable":true,"href":"https:\/\/www.blogdotarugao.com.br\/v1\/wp-json\/wp\/v2\/comments?post=17617"}],"version-history":[{"count":1,"href":"https:\/\/www.blogdotarugao.com.br\/v1\/wp-json\/wp\/v2\/posts\/17617\/revisions"}],"predecessor-version":[{"id":17618,"href":"https:\/\/www.blogdotarugao.com.br\/v1\/wp-json\/wp\/v2\/posts\/17617\/revisions\/17618"}],"wp:attachment":[{"href":"https:\/\/www.blogdotarugao.com.br\/v1\/wp-json\/wp\/v2\/media?parent=17617"}],"wp:term":[{"taxonomy":"category","embeddable":true,"href":"https:\/\/www.blogdotarugao.com.br\/v1\/wp-json\/wp\/v2\/categories?post=17617"},{"taxonomy":"post_tag","embeddable":true,"href":"https:\/\/www.blogdotarugao.com.br\/v1\/wp-json\/wp\/v2\/tags?post=17617"}],"curies":[{"name":"wp","href":"https:\/\/api.w.org\/{rel}","templated":true}]}}