{"id":17659,"date":"2014-10-14T22:52:42","date_gmt":"2014-10-15T01:52:42","guid":{"rendered":"http:\/\/www.blogdotarugao.com.br\/v1\/?p=17659"},"modified":"2014-10-14T23:00:20","modified_gmt":"2014-10-15T02:00:20","slug":"lula-se-distancia-de-dilmafoto-ricardo-stuckert-instituto-lula-ha-muito-ruido-e-reclamacoes-dos-dilmistas-sobre-o-desaparecimento-de-lula-que-a-ultima-vez-que-se-encontrou-com-dilma-rousseff-foi-no","status":"publish","type":"post","link":"https:\/\/www.blogdotarugao.com.br\/v1\/2014\/10\/14\/lula-se-distancia-de-dilmafoto-ricardo-stuckert-instituto-lula-ha-muito-ruido-e-reclamacoes-dos-dilmistas-sobre-o-desaparecimento-de-lula-que-a-ultima-vez-que-se-encontrou-com-dilma-rousseff-foi-no\/","title":{"rendered":"Lula se distancia de Dilma"},"content":{"rendered":"<div class=\"align-center\" style=\"color: #000000;\">\n<div class=\"imgNoticia clear\"><img title=\"Lula se distancia de Dilma\" src=\"http:\/\/www.bahianoticias.com.br\/fotos\/principal_samuels\/3696\/xIMAGEM_SAMUEL_5.jpg.pagespeed.ic.iq-oLygiwL.jpg\" alt=\"Lula se distancia de Dilma\" data-pagespeed-onload=\"pagespeed.CriticalImages.checkImageForCriticality(this);\" data-pagespeed-loaded=\"1\" \/><\/div>\n<div class=\"clear\"><\/div>\n<\/div>\n<div class=\"editor clear\" style=\"color: #444444;\"><strong>H\u00e1 muito ruido e reclama\u00e7\u00f5es dos dilmistas sobre o desaparecimento de Lula que, a \u00faltima vez que se encontrou com Dilma Rousseff foi no dia 3 de outubro, portanto antes do primeiro turno. Ningu\u00e9m entende o que acontece. Os petistas reclamam porque a presidente est\u00e1, como nunca, necessitando da sua presen\u00e7a. Os lulistas rebatem e dizem que n\u00e3o h\u00e1 contato de Dilma com ele, que apenas aguarda um chamado. Ontem, segunda-feira, Lula apareceu na propaganda da tev\u00ea, mas sua imagem teria sido gravada ainda no primeiro turno. O problema \u00e9 que enquanto A\u00e9cio Neves avan\u00e7a, com apoios que se somam, principalmente de Marina, do PSB e da fam\u00edlia Campos, em Recife. A presidente est\u00e1 em dificuldades com o envolvimento do PT no esc\u00e2ndalo da Petrobras. Segundo Roberto Jefferson (que denunciou o mensal\u00e3o) \u201c\u00e9 a continua\u00e7\u00e3o do esquema antigo\u201d e assim e por ora a presidente s\u00f3 tem ao seu lado os marqueteiros que fazem a campanha por ela. Faltam 12 dias para as elei\u00e7\u00f5es e Lula escafedeu-se, desapareceu de cena.<\/strong><\/div>\n","protected":false},"excerpt":{"rendered":"<p>H\u00e1 muito ruido e reclama\u00e7\u00f5es dos dilmistas sobre o desaparecimento de Lula que, a \u00faltima vez que se encontrou com Dilma Rousseff foi no dia 3 de outubro, portanto antes do primeiro turno. Ningu\u00e9m entende o que acontece. Os petistas reclamam porque a presidente est\u00e1, como nunca, necessitando da sua presen\u00e7a. Os lulistas rebatem e [&hellip;]<\/p>\n","protected":false},"author":2,"featured_media":0,"comment_status":"open","ping_status":"open","sticky":false,"template":"","format":"standard","meta":{"_links_to":"","_links_to_target":""},"categories":[29,1],"tags":[],"_links":{"self":[{"href":"https:\/\/www.blogdotarugao.com.br\/v1\/wp-json\/wp\/v2\/posts\/17659"}],"collection":[{"href":"https:\/\/www.blogdotarugao.com.br\/v1\/wp-json\/wp\/v2\/posts"}],"about":[{"href":"https:\/\/www.blogdotarugao.com.br\/v1\/wp-json\/wp\/v2\/types\/post"}],"author":[{"embeddable":true,"href":"https:\/\/www.blogdotarugao.com.br\/v1\/wp-json\/wp\/v2\/users\/2"}],"replies":[{"embeddable":true,"href":"https:\/\/www.blogdotarugao.com.br\/v1\/wp-json\/wp\/v2\/comments?post=17659"}],"version-history":[{"count":3,"href":"https:\/\/www.blogdotarugao.com.br\/v1\/wp-json\/wp\/v2\/posts\/17659\/revisions"}],"predecessor-version":[{"id":17662,"href":"https:\/\/www.blogdotarugao.com.br\/v1\/wp-json\/wp\/v2\/posts\/17659\/revisions\/17662"}],"wp:attachment":[{"href":"https:\/\/www.blogdotarugao.com.br\/v1\/wp-json\/wp\/v2\/media?parent=17659"}],"wp:term":[{"taxonomy":"category","embeddable":true,"href":"https:\/\/www.blogdotarugao.com.br\/v1\/wp-json\/wp\/v2\/categories?post=17659"},{"taxonomy":"post_tag","embeddable":true,"href":"https:\/\/www.blogdotarugao.com.br\/v1\/wp-json\/wp\/v2\/tags?post=17659"}],"curies":[{"name":"wp","href":"https:\/\/api.w.org\/{rel}","templated":true}]}}