{"id":17678,"date":"2014-10-15T13:04:34","date_gmt":"2014-10-15T16:04:34","guid":{"rendered":"http:\/\/www.blogdotarugao.com.br\/v1\/?p=17678"},"modified":"2014-10-15T13:32:51","modified_gmt":"2014-10-15T16:32:51","slug":"itapetinga-procura-por-adesivos-e-bandeiras-do-presidenciavel-aecio-neves-surpreende-coordenadores-da-campanha","status":"publish","type":"post","link":"https:\/\/www.blogdotarugao.com.br\/v1\/2014\/10\/15\/itapetinga-procura-por-adesivos-e-bandeiras-do-presidenciavel-aecio-neves-surpreende-coordenadores-da-campanha\/","title":{"rendered":"ITAPETINGA: PROCURA POR ADESIVOS E BANDEIRAS DO PRESIDENCI\u00c1VEL A\u00c9CIO NEVES SURPREENDE COORDENADORES DA CAMPANHA"},"content":{"rendered":"<p><a href=\"http:\/\/www.blogdotarugao.com.br\/v1\/wp-content\/uploads\/2014\/10\/a\u00e9cio-queiroz.jpg\" class=\"gallery_colorbox\"><img loading=\"lazy\" class=\"aligncenter size-full wp-image-17681\" src=\"http:\/\/www.blogdotarugao.com.br\/v1\/wp-content\/uploads\/2014\/10\/a\u00e9cio-queiroz.jpg\"  alt=\"a\u00e9cio queiroz\" width=\"922\" height=\"691\" srcset=\"https:\/\/www.blogdotarugao.com.br\/v1\/wp-content\/uploads\/2014\/10\/a\u00e9cio-queiroz.jpg 922w, https:\/\/www.blogdotarugao.com.br\/v1\/wp-content\/uploads\/2014\/10\/a\u00e9cio-queiroz-300x224.jpg 300w\" sizes=\"(max-width: 922px) 100vw, 922px\" \/><\/a>Nesta ter\u00e7a-feira (15) pela manh\u00e3, o <strong>comit\u00ea de A\u00e9cio, Jo\u00e3o Gualberto (deputado federal eleito com mais de 117 mil votos) e Ticol\u00f4 (presidente do PSDB<\/strong>\u00a0<strong>de Vit\u00f3ria da Conquista e coordenador<\/strong><strong>\u00a0da campanha na regi\u00e3o Sudoeste),\u00a0<\/strong>que fica localizado na rua JJ Seabra no centro, e que \u00e9 coordenado por <strong>Gild\u00e1sio Queiroz,\u00a0<\/strong>foi o local mais movimentado da cidade.<\/p>\n<p><a href=\"http:\/\/www.blogdotarugao.com.br\/v1\/wp-content\/uploads\/2014\/10\/A\u00e9cio-de-branco.jpg\" class=\"gallery_colorbox\"><img loading=\"lazy\" class=\"aligncenter size-full wp-image-17636\" src=\"http:\/\/www.blogdotarugao.com.br\/v1\/wp-content\/uploads\/2014\/10\/A\u00e9cio-de-branco.jpg\"  alt=\"A\u00e9cio de branco\" width=\"300\" height=\"300\" srcset=\"https:\/\/www.blogdotarugao.com.br\/v1\/wp-content\/uploads\/2014\/10\/A\u00e9cio-de-branco.jpg 300w, https:\/\/www.blogdotarugao.com.br\/v1\/wp-content\/uploads\/2014\/10\/A\u00e9cio-de-branco-150x150.jpg 150w\" sizes=\"(max-width: 300px) 100vw, 300px\" \/><\/a> <a href=\"http:\/\/www.blogdotarugao.com.br\/v1\/wp-content\/uploads\/2014\/10\/comit\u00ea.jpg\" class=\"gallery_colorbox\"><img loading=\"lazy\" class=\"aligncenter  wp-image-17682\" src=\"http:\/\/www.blogdotarugao.com.br\/v1\/wp-content\/uploads\/2014\/10\/comit\u00ea.jpg\"  alt=\"comit\u00ea\" width=\"554\" height=\"739\" srcset=\"https:\/\/www.blogdotarugao.com.br\/v1\/wp-content\/uploads\/2014\/10\/comit\u00ea.jpg 720w, https:\/\/www.blogdotarugao.com.br\/v1\/wp-content\/uploads\/2014\/10\/comit\u00ea-225x300.jpg 225w\" sizes=\"(max-width: 554px) 100vw, 554px\" \/><\/a><\/p>\n<p>A procura por adesivos e bandeiras do <strong>PRESIDENCI\u00c1VEL \u00a0A\u00c9CIO NEVES<\/strong>, foi muito grande durante toda a manh\u00e3. V\u00e1rias pessoas passaram pelo comit\u00ea para pegar adesivos e bandeiras, mas o que mais surpreendeu foi a atitude de pessoas que n\u00e3o s\u00e3o partid\u00e1rias ou ligadas a pol\u00edtica, estarem abra\u00e7ando uma campanha de livre e espont\u00e2nea vontade.<\/p>\n<p><img loading=\"lazy\" src=\"https:\/\/scontent-a-mia.xx.fbcdn.net\/hphotos-xfa1\/v\/t1.0-9\/1911840_585279708266803_7807799668194162957_n.jpg?oh=c37e472ca5b49970cfab2b49278ba57c&amp;oe=54C00782\" alt=\"\" width=\"565\" height=\"423\" \/><\/p>\n<p>Depois do debate de ontem (14) na TV Bandeirantes, o eleitor brasileiro parece ter tomado suas decis\u00f5es em rela\u00e7\u00e3o a quem votar.<\/p>\n<p>Segundo <strong>Gild\u00e1sio Queiroz,<\/strong>\u00a0o <strong>PRESIDENCI\u00c1VEL\u00a0<\/strong>vai praticamente dobrar a vota\u00e7\u00e3o no munic\u00edpio e ter\u00e1 uma grande vota\u00e7\u00e3o em toda regi\u00e3o sudoeste.<\/p>\n<p><strong>Por Eliomar Barreira<\/strong><\/p>\n<p>&nbsp;<\/p>\n","protected":false},"excerpt":{"rendered":"<p>Nesta ter\u00e7a-feira (15) pela manh\u00e3, o comit\u00ea de A\u00e9cio, Jo\u00e3o Gualberto (deputado federal eleito com mais de 117 mil votos) e Ticol\u00f4 (presidente do PSDB\u00a0de Vit\u00f3ria da Conquista e coordenador\u00a0da campanha na regi\u00e3o Sudoeste),\u00a0que fica localizado na rua JJ Seabra no centro, e que \u00e9 coordenado por Gild\u00e1sio Queiroz,\u00a0foi o local mais movimentado da cidade. [&hellip;]<\/p>\n","protected":false},"author":2,"featured_media":0,"comment_status":"open","ping_status":"open","sticky":false,"template":"","format":"standard","meta":{"_links_to":"","_links_to_target":""},"categories":[6,21,29,2,1,7,3],"tags":[],"_links":{"self":[{"href":"https:\/\/www.blogdotarugao.com.br\/v1\/wp-json\/wp\/v2\/posts\/17678"}],"collection":[{"href":"https:\/\/www.blogdotarugao.com.br\/v1\/wp-json\/wp\/v2\/posts"}],"about":[{"href":"https:\/\/www.blogdotarugao.com.br\/v1\/wp-json\/wp\/v2\/types\/post"}],"author":[{"embeddable":true,"href":"https:\/\/www.blogdotarugao.com.br\/v1\/wp-json\/wp\/v2\/users\/2"}],"replies":[{"embeddable":true,"href":"https:\/\/www.blogdotarugao.com.br\/v1\/wp-json\/wp\/v2\/comments?post=17678"}],"version-history":[{"count":3,"href":"https:\/\/www.blogdotarugao.com.br\/v1\/wp-json\/wp\/v2\/posts\/17678\/revisions"}],"predecessor-version":[{"id":17683,"href":"https:\/\/www.blogdotarugao.com.br\/v1\/wp-json\/wp\/v2\/posts\/17678\/revisions\/17683"}],"wp:attachment":[{"href":"https:\/\/www.blogdotarugao.com.br\/v1\/wp-json\/wp\/v2\/media?parent=17678"}],"wp:term":[{"taxonomy":"category","embeddable":true,"href":"https:\/\/www.blogdotarugao.com.br\/v1\/wp-json\/wp\/v2\/categories?post=17678"},{"taxonomy":"post_tag","embeddable":true,"href":"https:\/\/www.blogdotarugao.com.br\/v1\/wp-json\/wp\/v2\/tags?post=17678"}],"curies":[{"name":"wp","href":"https:\/\/api.w.org\/{rel}","templated":true}]}}