{"id":17705,"date":"2014-10-15T21:42:53","date_gmt":"2014-10-16T00:42:53","guid":{"rendered":"http:\/\/www.blogdotarugao.com.br\/v1\/?p=17705"},"modified":"2014-10-15T21:42:53","modified_gmt":"2014-10-16T00:42:53","slug":"neto-defende-aecio-apos-rui-pregar-que-vitoria-seria-ruim-para-bahia","status":"publish","type":"post","link":"https:\/\/www.blogdotarugao.com.br\/v1\/2014\/10\/15\/neto-defende-aecio-apos-rui-pregar-que-vitoria-seria-ruim-para-bahia\/","title":{"rendered":"Neto defende A\u00e9cio ap\u00f3s Rui pregar que vit\u00f3ria seria &#8220;ruim&#8221; para Bahia"},"content":{"rendered":"<p style=\"color: #444444;\"><img title=\"Igo Estrela\/Coliga\u00e7\u00e3o Muda Brasil\/Divulga\u00e7\u00e3o\" src=\"http:\/\/www.bocaonews.com.br\/ckfinder\/userfiles\/fotos_e_imagens\/size_590_aecio-neves-em-salvador.jpg\" alt=\"\" \/><br \/>\nVit\u00f3ria de A\u00e9cio \u00e9 prioridade para o prefeito de Salvador ACM Neto<\/p>\n<p><br style=\"color: #444444;\" \/><span style=\"color: #444444;\">O prefeito de Salvador, ACM Neto (DEM), saiu em defesa nesta quarta-feira (15) do candidato \u00e0 presid\u00eancia da Rep\u00fablica pelo PSDB, A\u00e9cio Neves, ap\u00f3s saber que o governador eleito Rui Costa (PT) est\u00e1 a pregar que a derrota da presidente Dilma Rousseff (PT), candidata \u00e0 reelei\u00e7\u00e3o, seria \u201cruim\u201d para a Bahia, principalmente do ponto de vista econ\u00f4mico.<\/p>\n<p>O futuro l\u00edder baiano afirmou, em entrevista ao jornal A Tarde publicada hoje, que A\u00e9cio no comando do pa\u00eds a sua pol\u00edtica econ\u00f4mica poder\u00e1 gerar \u201cconten\u00e7\u00e3o de gastos\u201d e \u201cdespesas com servidores\u201d, o que causaria, na vis\u00e3o do petista, arrocho salarial.<\/p>\n<p>Al\u00e9m disso, &#8220;preocupa&#8221; o pr\u00f3ximo chefe do Executivo baiano, apesar de n\u00e3o tratar como um \u201cdesastre\u201d j\u00e1 que todas as obras previstas est\u00e3o contratadas e asseguradas, mas, uma poss\u00edvel desvaloriza\u00e7\u00e3o nas pol\u00edticas de transfer\u00eancia de renda, atribu\u00edda a poss\u00edvel gest\u00e3o tucana, o estado perderia \u201cdinamismo\u201d em sua economia, o que poderia refletir na sua arrecada\u00e7\u00e3o.<\/p>\n<p>Entretanto, segundo ACM Neto, A\u00e9cio tem sido sempre &#8220;claro e assertivo&#8221; em seu compromisso com todos os baianos. \u201cA\u00e9cio sendo eleito presidente da Rep\u00fablica, ele vai dispensar todo apoio ao governador eleito Rui Costa. Ou seja, vamos assegurar a libera\u00e7\u00e3o dos recursos para que tudo que est\u00e1 planejado e projetado pelo governo do Estado possa ter continuidade\u201d, afirmou o democrata, que garantiu, por conhecer a conduta do presidenci\u00e1vel tucano, que o pr\u00f3ximo governador, apesar de ser de um partido advers\u00e1rio, ser\u00e1 tratado com todo apoio e respeito.\u00a0\u201cA\u00e9cio \u00e9 um republicano de verdade. As portas do Pal\u00e1cio do Planalto estar\u00e3o abertas aos pleitos baianos. Muito mais poder\u00e1 ser conquistado pela Bahia com a vit\u00f3ria de A\u00e9cio Neves\u201d, defendeu o alcaide.<\/p>\n<p>Capitaneado pelo pr\u00f3rpio prefeito, o movimento \u201cMuda Brasil\u201d de apoio ao pessedebista intensificou suas a\u00e7\u00f5es na capital baiana na reta final do pleito presidencial.\u00a0<\/span><br style=\"color: #444444;\" \/><br style=\"color: #444444;\" \/><span style=\"color: #444444;\">No 1\u00ba turno, Dilma abocanhou 644 mil votos (49,33%) dos sotorepolitanos. A\u00e9cio ficou em terceiro com 277 mil sufr\u00e1gios validados (21,22%). A segunda colocada foi Marina Silva (PSB), com 332 mil votos. A ex-ministra j\u00e1 declarou voto e apoio ao postulante do PSDB.<\/span><br style=\"color: #444444;\" \/><!--more--><br style=\"color: #444444;\" \/><span style=\"color: #444444;\">Al\u00e9m de promover &#8220;adesiva\u00e7o&#8221; em prol da campanha peessedebista e espalhar placas pela cidade, conforme pr\u00f3pria agenda, ACM Neto ir\u00e1 na noite desta quarta \u00e0 comunidade do Rio Sena para pedir votos para o aliado. Na quinta (16), Neto ir\u00e1 a Pernambu\u00e9s, Saramandaia e Cabula com o mesmo objetivo. Na sexta (17), o democrata recebe A\u00e9cio em Salvador, que desembarca na cidade para participar de uma caminhada que sair\u00e1 da Pra\u00e7a Castro Alves at\u00e9 o Terreiro de Jesus &#8211; evento marcado para come\u00e7ar \u00e0s 14h.<\/span><\/p>\n","protected":false},"excerpt":{"rendered":"<p>Vit\u00f3ria de A\u00e9cio \u00e9 prioridade para o prefeito de Salvador ACM Neto O prefeito de Salvador, ACM Neto (DEM), saiu em defesa nesta quarta-feira (15) do candidato \u00e0 presid\u00eancia da Rep\u00fablica pelo PSDB, A\u00e9cio Neves, ap\u00f3s saber que o governador eleito Rui Costa (PT) est\u00e1 a pregar que a derrota da presidente Dilma Rousseff (PT), [&hellip;]<\/p>\n","protected":false},"author":2,"featured_media":0,"comment_status":"open","ping_status":"open","sticky":false,"template":"","format":"standard","meta":{"_links_to":"","_links_to_target":""},"categories":[6,21,29,1,7],"tags":[],"_links":{"self":[{"href":"https:\/\/www.blogdotarugao.com.br\/v1\/wp-json\/wp\/v2\/posts\/17705"}],"collection":[{"href":"https:\/\/www.blogdotarugao.com.br\/v1\/wp-json\/wp\/v2\/posts"}],"about":[{"href":"https:\/\/www.blogdotarugao.com.br\/v1\/wp-json\/wp\/v2\/types\/post"}],"author":[{"embeddable":true,"href":"https:\/\/www.blogdotarugao.com.br\/v1\/wp-json\/wp\/v2\/users\/2"}],"replies":[{"embeddable":true,"href":"https:\/\/www.blogdotarugao.com.br\/v1\/wp-json\/wp\/v2\/comments?post=17705"}],"version-history":[{"count":1,"href":"https:\/\/www.blogdotarugao.com.br\/v1\/wp-json\/wp\/v2\/posts\/17705\/revisions"}],"predecessor-version":[{"id":17706,"href":"https:\/\/www.blogdotarugao.com.br\/v1\/wp-json\/wp\/v2\/posts\/17705\/revisions\/17706"}],"wp:attachment":[{"href":"https:\/\/www.blogdotarugao.com.br\/v1\/wp-json\/wp\/v2\/media?parent=17705"}],"wp:term":[{"taxonomy":"category","embeddable":true,"href":"https:\/\/www.blogdotarugao.com.br\/v1\/wp-json\/wp\/v2\/categories?post=17705"},{"taxonomy":"post_tag","embeddable":true,"href":"https:\/\/www.blogdotarugao.com.br\/v1\/wp-json\/wp\/v2\/tags?post=17705"}],"curies":[{"name":"wp","href":"https:\/\/api.w.org\/{rel}","templated":true}]}}