{"id":17777,"date":"2014-10-17T15:39:56","date_gmt":"2014-10-17T18:39:56","guid":{"rendered":"http:\/\/www.blogdotarugao.com.br\/v1\/?p=17777"},"modified":"2014-10-17T15:53:00","modified_gmt":"2014-10-17T18:53:00","slug":"17777","status":"publish","type":"post","link":"https:\/\/www.blogdotarugao.com.br\/v1\/2014\/10\/17\/17777\/","title":{"rendered":"FUNCION\u00c1RIO DA UESB MORRE EM TR\u00c1GICO ACIDENTE COM MOTOCICLETA"},"content":{"rendered":"<p><a style=\"color: #005789;\" href=\"http:\/\/www.itapetinganamidia.com\/?attachment_id=29236\" rel=\"attachment wp-att-29236\"><img loading=\"lazy\" class=\"alignleft size-full wp-image-29236\" src=\"http:\/\/www.itapetinganamidia.com\/wp-content\/uploads\/2014\/10\/Obed.jpg\" alt=\"Obed\" width=\"173\" height=\"214\" \/><\/a>Obed Vilela Almeida, de 58 anos, funcion\u00e1rio da UESB, foi a v\u00edtima fatal de um tr\u00e1gico acidente ocorrido no in\u00edcio da tarde desta sexta-feira (17).<\/p>\n<p>Ele pilotava sua motocicleta e, nas proximidades do trevo que d\u00e1 acesso a Macarani, chocou-se contra uma carreta. No choque, Obed foi arremessada para baixo do ve\u00edculo e o seu corpo foi arrastado pela carreta.<\/p>\n<p>Os peritos do DPT de Itapetinga estiveram no local fazendo o \u00a0levantamento do corpo. Um laudo ir\u00e1 definir as reais causas do acidente.<\/p>\n<p>Populares chegaram a dizer que uma ultrapassagem mal sucedida pode ter sido a causa do acidente.<\/p>\n<p><img loading=\"lazy\" src=\"http:\/\/www.itapetinganamidia.com\/wp-content\/uploads\/2014\/10\/acidente3.jpg\" alt=\"acidente3\" width=\"558\" height=\"372\" \/><\/p>\n<p><img src=\"http:\/\/www.itapetinganamidia.com\/wp-content\/uploads\/2014\/10\/acidente1.jpg\" alt=\"acidente1\" \/><\/p>\n<p><strong>Fonte: Itapetinga na M\u00eddia<\/strong><\/p>\n","protected":false},"excerpt":{"rendered":"<p>Obed Vilela Almeida, de 58 anos, funcion\u00e1rio da UESB, foi a v\u00edtima fatal de um tr\u00e1gico acidente ocorrido no in\u00edcio da tarde desta sexta-feira (17). Ele pilotava sua motocicleta e, nas proximidades do trevo que d\u00e1 acesso a Macarani, chocou-se contra uma carreta. No choque, Obed foi arremessada para baixo do ve\u00edculo e o seu [&hellip;]<\/p>\n","protected":false},"author":2,"featured_media":0,"comment_status":"open","ping_status":"open","sticky":false,"template":"","format":"standard","meta":{"_links_to":"","_links_to_target":""},"categories":[28,6,2,3],"tags":[],"_links":{"self":[{"href":"https:\/\/www.blogdotarugao.com.br\/v1\/wp-json\/wp\/v2\/posts\/17777"}],"collection":[{"href":"https:\/\/www.blogdotarugao.com.br\/v1\/wp-json\/wp\/v2\/posts"}],"about":[{"href":"https:\/\/www.blogdotarugao.com.br\/v1\/wp-json\/wp\/v2\/types\/post"}],"author":[{"embeddable":true,"href":"https:\/\/www.blogdotarugao.com.br\/v1\/wp-json\/wp\/v2\/users\/2"}],"replies":[{"embeddable":true,"href":"https:\/\/www.blogdotarugao.com.br\/v1\/wp-json\/wp\/v2\/comments?post=17777"}],"version-history":[{"count":2,"href":"https:\/\/www.blogdotarugao.com.br\/v1\/wp-json\/wp\/v2\/posts\/17777\/revisions"}],"predecessor-version":[{"id":17779,"href":"https:\/\/www.blogdotarugao.com.br\/v1\/wp-json\/wp\/v2\/posts\/17777\/revisions\/17779"}],"wp:attachment":[{"href":"https:\/\/www.blogdotarugao.com.br\/v1\/wp-json\/wp\/v2\/media?parent=17777"}],"wp:term":[{"taxonomy":"category","embeddable":true,"href":"https:\/\/www.blogdotarugao.com.br\/v1\/wp-json\/wp\/v2\/categories?post=17777"},{"taxonomy":"post_tag","embeddable":true,"href":"https:\/\/www.blogdotarugao.com.br\/v1\/wp-json\/wp\/v2\/tags?post=17777"}],"curies":[{"name":"wp","href":"https:\/\/api.w.org\/{rel}","templated":true}]}}