{"id":17873,"date":"2014-10-20T21:06:50","date_gmt":"2014-10-21T00:06:50","guid":{"rendered":"http:\/\/www.blogdotarugao.com.br\/v1\/?p=17873"},"modified":"2014-10-20T21:06:50","modified_gmt":"2014-10-21T00:06:50","slug":"aliados-propagam-cartaz-falso-de-ivete-sangalo-anunciando-apoio-a-dilma","status":"publish","type":"post","link":"https:\/\/www.blogdotarugao.com.br\/v1\/2014\/10\/20\/aliados-propagam-cartaz-falso-de-ivete-sangalo-anunciando-apoio-a-dilma\/","title":{"rendered":"Aliados propagam cartaz falso de Ivete Sangalo anunciando apoio a Dilma"},"content":{"rendered":"<p><span style=\"color: #444444;\">Circula nas redes sociais, desde a tarde desta segunda-feira (20), uma imagem da cantora Ivete Sangalo, em um cartaz prestando apoio \u00e0 candidata \u00e0 Presid\u00eancia da Rep\u00fablica, Dilma Rousseff.<\/span><input alt=\"\" src=\"http:\/\/bocaonews.com.br\/ckfinder\/userfiles\/fotos_e_imagens\/POLITICA\/ivete_dilma.jpg\" type=\"image\" \/><br style=\"color: #444444;\" \/><br style=\"color: #444444;\" \/><br style=\"color: #444444;\" \/><span style=\"color: #444444;\">Entre os pol\u00edticos que repassaram a imagem, o presidente da Assembleia Legislativa da Bahia, deputado estadual Marcelo Nilo (PDT) e o deputado federal Amauri Teixeira (PT-BA).<\/span><br style=\"color: #444444;\" \/><br style=\"color: #444444;\" \/><span style=\"color: #444444;\">A assessoria de imprensa da cantora Ivete Sangalo negou que a artista tenha externado qualquer prefer\u00eancia pol\u00edtica ou declarado voto para a presidente Dilma Rousseff.<\/span><br style=\"color: #444444;\" \/><br style=\"color: #444444;\" \/><span style=\"color: #444444;\">Como um mantra, a assessoria de Ivete Sangalo se limitou a repetir: \u201cA artista n\u00e3o declara voto\u201d.<\/span><br style=\"color: #444444;\" \/><br style=\"color: #444444;\" \/><span style=\"color: #444444;\">O deputado Marcelo Nilo, que repassou o cartaz no Twitter, minimizou a propaga\u00e7\u00e3o do falso apoio. \u201cS\u00f3 fiz retuitar. N\u00e3o criei nada, n\u00e3o fiz nada. Pensei que era ver\u00eddico, achei legal e retransmiti. Por dia,\u00a0repasso mais de 50 coisas no Twitter e essa foi uma delas. N\u00e3o sabia que n\u00e3o era verdadeiro\u201d, justificou.<\/span><\/p>\n","protected":false},"excerpt":{"rendered":"<p>Circula nas redes sociais, desde a tarde desta segunda-feira (20), uma imagem da cantora Ivete Sangalo, em um cartaz prestando apoio \u00e0 candidata \u00e0 Presid\u00eancia da Rep\u00fablica, Dilma Rousseff.Entre os pol\u00edticos que repassaram a imagem, o presidente da Assembleia Legislativa da Bahia, deputado estadual Marcelo Nilo (PDT) e o deputado federal Amauri Teixeira (PT-BA).A assessoria [&hellip;]<\/p>\n","protected":false},"author":2,"featured_media":0,"comment_status":"open","ping_status":"open","sticky":false,"template":"","format":"standard","meta":{"_links_to":"","_links_to_target":""},"categories":[14,6,21,29,1],"tags":[],"_links":{"self":[{"href":"https:\/\/www.blogdotarugao.com.br\/v1\/wp-json\/wp\/v2\/posts\/17873"}],"collection":[{"href":"https:\/\/www.blogdotarugao.com.br\/v1\/wp-json\/wp\/v2\/posts"}],"about":[{"href":"https:\/\/www.blogdotarugao.com.br\/v1\/wp-json\/wp\/v2\/types\/post"}],"author":[{"embeddable":true,"href":"https:\/\/www.blogdotarugao.com.br\/v1\/wp-json\/wp\/v2\/users\/2"}],"replies":[{"embeddable":true,"href":"https:\/\/www.blogdotarugao.com.br\/v1\/wp-json\/wp\/v2\/comments?post=17873"}],"version-history":[{"count":1,"href":"https:\/\/www.blogdotarugao.com.br\/v1\/wp-json\/wp\/v2\/posts\/17873\/revisions"}],"predecessor-version":[{"id":17874,"href":"https:\/\/www.blogdotarugao.com.br\/v1\/wp-json\/wp\/v2\/posts\/17873\/revisions\/17874"}],"wp:attachment":[{"href":"https:\/\/www.blogdotarugao.com.br\/v1\/wp-json\/wp\/v2\/media?parent=17873"}],"wp:term":[{"taxonomy":"category","embeddable":true,"href":"https:\/\/www.blogdotarugao.com.br\/v1\/wp-json\/wp\/v2\/categories?post=17873"},{"taxonomy":"post_tag","embeddable":true,"href":"https:\/\/www.blogdotarugao.com.br\/v1\/wp-json\/wp\/v2\/tags?post=17873"}],"curies":[{"name":"wp","href":"https:\/\/api.w.org\/{rel}","templated":true}]}}