{"id":17916,"date":"2014-10-21T23:29:37","date_gmt":"2014-10-22T02:29:37","guid":{"rendered":"http:\/\/www.blogdotarugao.com.br\/v1\/?p=17916"},"modified":"2014-10-21T23:29:37","modified_gmt":"2014-10-22T02:29:37","slug":"julgamento-de-habeas-corpus-de-prisco-e-adiado-no-supremo-tribunal-federal","status":"publish","type":"post","link":"https:\/\/www.blogdotarugao.com.br\/v1\/2014\/10\/21\/julgamento-de-habeas-corpus-de-prisco-e-adiado-no-supremo-tribunal-federal\/","title":{"rendered":"Julgamento de Habeas Corpus de Prisco \u00e9 adiado no Supremo Tribunal Federal"},"content":{"rendered":"<p><img src=\"http:\/\/www.bahianoticias.com.br\/fotos\/principal_noticias\/162118\/xIMAGEM_NOTICIA_5.jpg.pagespeed.ic.LFtTKtdjI1.jpg\" alt=\"Julgamento de Habeas Corpus de Prisco \u00e9 adiado no Supremo Tribunal Federal\" \/><\/p>\n<p><span style=\"color: #444444;\">O julgamento do habeas corpus do deputado estadual eleito Soldado Prisco, pleiteando a queda das restri\u00e7\u00f5es judiciais, n\u00e3o entrou na pauta desta ter\u00e7a-feira (21) do Supremo Tribunal Federal (STF). As restri\u00e7\u00f5es o impossibilitam de estar fora do seu domic\u00edlio ap\u00f3s as 20 horas de segunda \u00e0 sexta; e aos s\u00e1bados, domingos e feriados a qualquer hora do dia. \u201cO parlamentar, desde o 5 de outubro, deu in\u00edcio a nova fase de projeto pol\u00edtico, voltada a defender os interesses dos eleitores na busca por leis que visem \u00e0 melhoria da seguran\u00e7a p\u00fablica na Bahia&#8221;, explicou o advogado Leonardo Mascarenhas, que viajou \u00e0 Bras\u00edlia para acompanhar o julgamento.\u00a0Conforme o advogado, o pedido de queda de restri\u00e7\u00e3o se baseia na falta de necessidade de manuten\u00e7\u00e3o delas, j\u00e1 que soldado Prisco n\u00e3o oferece risco \u00e0 ordem p\u00fablica e j\u00e1 se dedica a estudar novos projetos de leis a serem apresentados na Assembleia Legislativa.\u00a0O deputado eleito n\u00e3o se surpreendeu com o adiamento e avisou que aguarda a decis\u00e3o do STF com paci\u00eancia. &#8220;Estou bastante tranquilo. Respeitaremos o julgamento do STF. Agora a luta por melhorias \u00e9 na tribuna, durante as sess\u00f5es plen\u00e1rias previstas, constitucionalmente, aos parlamentares&#8221;, analisou o deputado<\/span><\/p>\n","protected":false},"excerpt":{"rendered":"<p>O julgamento do habeas corpus do deputado estadual eleito Soldado Prisco, pleiteando a queda das restri\u00e7\u00f5es judiciais, n\u00e3o entrou na pauta desta ter\u00e7a-feira (21) do Supremo Tribunal Federal (STF). As restri\u00e7\u00f5es o impossibilitam de estar fora do seu domic\u00edlio ap\u00f3s as 20 horas de segunda \u00e0 sexta; e aos s\u00e1bados, domingos e feriados a qualquer [&hellip;]<\/p>\n","protected":false},"author":2,"featured_media":0,"comment_status":"open","ping_status":"open","sticky":false,"template":"","format":"standard","meta":{"_links_to":"","_links_to_target":""},"categories":[6],"tags":[],"_links":{"self":[{"href":"https:\/\/www.blogdotarugao.com.br\/v1\/wp-json\/wp\/v2\/posts\/17916"}],"collection":[{"href":"https:\/\/www.blogdotarugao.com.br\/v1\/wp-json\/wp\/v2\/posts"}],"about":[{"href":"https:\/\/www.blogdotarugao.com.br\/v1\/wp-json\/wp\/v2\/types\/post"}],"author":[{"embeddable":true,"href":"https:\/\/www.blogdotarugao.com.br\/v1\/wp-json\/wp\/v2\/users\/2"}],"replies":[{"embeddable":true,"href":"https:\/\/www.blogdotarugao.com.br\/v1\/wp-json\/wp\/v2\/comments?post=17916"}],"version-history":[{"count":1,"href":"https:\/\/www.blogdotarugao.com.br\/v1\/wp-json\/wp\/v2\/posts\/17916\/revisions"}],"predecessor-version":[{"id":17917,"href":"https:\/\/www.blogdotarugao.com.br\/v1\/wp-json\/wp\/v2\/posts\/17916\/revisions\/17917"}],"wp:attachment":[{"href":"https:\/\/www.blogdotarugao.com.br\/v1\/wp-json\/wp\/v2\/media?parent=17916"}],"wp:term":[{"taxonomy":"category","embeddable":true,"href":"https:\/\/www.blogdotarugao.com.br\/v1\/wp-json\/wp\/v2\/categories?post=17916"},{"taxonomy":"post_tag","embeddable":true,"href":"https:\/\/www.blogdotarugao.com.br\/v1\/wp-json\/wp\/v2\/tags?post=17916"}],"curies":[{"name":"wp","href":"https:\/\/api.w.org\/{rel}","templated":true}]}}