{"id":1803,"date":"2013-12-24T12:31:53","date_gmt":"2013-12-24T15:31:53","guid":{"rendered":"http:\/\/www.blogdotarugao.com.br\/v1\/?p=1803"},"modified":"2013-12-24T12:31:53","modified_gmt":"2013-12-24T15:31:53","slug":"ex-diretor-da-aneel-condena-proposta-de-corte-de-luz","status":"publish","type":"post","link":"https:\/\/www.blogdotarugao.com.br\/v1\/2013\/12\/24\/ex-diretor-da-aneel-condena-proposta-de-corte-de-luz\/","title":{"rendered":"Ex-diretor da Aneel condena proposta de &#8216;corte de luz&#8217;."},"content":{"rendered":"<p><img alt=\"Antiga Central Hidroel\u00e9trica de Lindoso 01\" src=\"http:\/\/c10.quickcachr.fotos.sapo.pt\/i\/N440639c7\/10678630_5rsjy.jpeg\" \/><\/p>\n<p>O governo errou ao propor o modelo de renova\u00e7\u00e3o das concess\u00f5es do setor el\u00e9trico, cuja ponta mais conhecida \u00e9 o corte nas contas de luz anunciado pela presidente Dilma Rousseff em cadeia de r\u00e1dio e TV. A avalia\u00e7\u00e3o \u00e9 do ex-diretor da Ag\u00eancia Nacional de Energia El\u00e9trica (Aneel), Edvaldo Santana, que deixou o cargo na semana passada ap\u00f3s 13 anos de atua\u00e7\u00e3o no \u00f3rg\u00e3o regulador, onde come\u00e7ou como superintendente e cumpriu dois mandatos como diretor.<\/p>\n<p>Segundo ele, a mudan\u00e7a tornou as empresas passivas e dependentes de repasses bilion\u00e1rios do Tesouro Nacional. &#8220;Tenho certeza de que o governo, quando fez isso, n\u00e3o pensou que a conta iria sobrar para o Tesouro. Se tivessem imaginado que iria dar nisso, n\u00e3o fariam&#8221;, afirmou, em entrevista exclusiva ao Broadcast, servi\u00e7o em tempo real da Ag\u00eancia Estado. Procurado, o Minist\u00e9rio de Minas e Energia n\u00e3o comentou.<\/p>\n<p>Para manter a redu\u00e7\u00e3o de 20% na conta de luz, a Uni\u00e3o transferiu R$ 9,6 bilh\u00f5es para as distribuidoras de energia este ano. O dinheiro serviu para bancar v\u00e1rias despesas, principalmente com a energia gerada pelas usinas termoel\u00e9tricas, acionadas por causa da escassez de chuvas, que reduziu o n\u00edvel dos reservat\u00f3rios das hidrel\u00e9tricas.<\/p>\n<p>Esse gasto sempre foi pago pelo consumidor, mas, se tivesse sido repassado \u00e0s tarifas neste ano, resultaria num reajuste de 10%. \u00c0s v\u00e9speras das elei\u00e7\u00f5es, o governo decidiu pagar a conta e diluir esse aumento ao longo dos pr\u00f3ximos cinco anos.<\/p>\n","protected":false},"excerpt":{"rendered":"<p>O governo errou ao propor o modelo de renova\u00e7\u00e3o das concess\u00f5es do setor el\u00e9trico, cuja ponta mais conhecida \u00e9 o corte nas contas de luz anunciado pela presidente Dilma Rousseff em cadeia de r\u00e1dio e TV. A avalia\u00e7\u00e3o \u00e9 do ex-diretor da Ag\u00eancia Nacional de Energia El\u00e9trica (Aneel), Edvaldo Santana, que deixou o cargo na [&hellip;]<\/p>\n","protected":false},"author":2,"featured_media":0,"comment_status":"open","ping_status":"open","sticky":false,"template":"","format":"standard","meta":{"_links_to":"","_links_to_target":""},"categories":[1],"tags":[],"_links":{"self":[{"href":"https:\/\/www.blogdotarugao.com.br\/v1\/wp-json\/wp\/v2\/posts\/1803"}],"collection":[{"href":"https:\/\/www.blogdotarugao.com.br\/v1\/wp-json\/wp\/v2\/posts"}],"about":[{"href":"https:\/\/www.blogdotarugao.com.br\/v1\/wp-json\/wp\/v2\/types\/post"}],"author":[{"embeddable":true,"href":"https:\/\/www.blogdotarugao.com.br\/v1\/wp-json\/wp\/v2\/users\/2"}],"replies":[{"embeddable":true,"href":"https:\/\/www.blogdotarugao.com.br\/v1\/wp-json\/wp\/v2\/comments?post=1803"}],"version-history":[{"count":1,"href":"https:\/\/www.blogdotarugao.com.br\/v1\/wp-json\/wp\/v2\/posts\/1803\/revisions"}],"predecessor-version":[{"id":1804,"href":"https:\/\/www.blogdotarugao.com.br\/v1\/wp-json\/wp\/v2\/posts\/1803\/revisions\/1804"}],"wp:attachment":[{"href":"https:\/\/www.blogdotarugao.com.br\/v1\/wp-json\/wp\/v2\/media?parent=1803"}],"wp:term":[{"taxonomy":"category","embeddable":true,"href":"https:\/\/www.blogdotarugao.com.br\/v1\/wp-json\/wp\/v2\/categories?post=1803"},{"taxonomy":"post_tag","embeddable":true,"href":"https:\/\/www.blogdotarugao.com.br\/v1\/wp-json\/wp\/v2\/tags?post=1803"}],"curies":[{"name":"wp","href":"https:\/\/api.w.org\/{rel}","templated":true}]}}