{"id":18304,"date":"2014-10-31T07:37:56","date_gmt":"2014-10-31T10:37:56","guid":{"rendered":"http:\/\/www.blogdotarugao.com.br\/v1\/?p=18304"},"modified":"2014-10-31T07:37:56","modified_gmt":"2014-10-31T10:37:56","slug":"deputado-defende-que-beneficiario-do-bolsa-familia-seja-proibido-de-votar","status":"publish","type":"post","link":"https:\/\/www.blogdotarugao.com.br\/v1\/2014\/10\/31\/deputado-defende-que-beneficiario-do-bolsa-familia-seja-proibido-de-votar\/","title":{"rendered":"Deputado defende que benefici\u00e1rio do Bolsa Fam\u00edlia seja proibido de votar"},"content":{"rendered":"<p>Revoltado com a derrota de\u00a0<a href=\"http:\/\/noticias.uol.com.br\/politica\/politicos-brasil\/2014\/presidente\/br\/10031960-aecio-neves.htm\"><strong style=\"font-weight: bold; font-style: inherit;\">A\u00e9cio Neves (PSDB)<\/strong><\/a>\u00a0para\u00a0<a href=\"http:\/\/noticias.uol.com.br\/politica\/politicos-brasil\/2014\/presidente\/br\/14121947-dilma.htm\"><strong style=\"font-weight: bold; font-style: inherit;\">Dilma Roussef (PT)<\/strong><\/a>, o deputado estadual\u00a0<a href=\"http:\/\/noticias.uol.com.br\/politica\/politicos-brasil\/2014\/deputado-estadual\/sp\/04011944-aldo-demarchi.htm\"><strong style=\"font-weight: bold; font-style: inherit;\">Aldo Demarchi (DEM)<\/strong><\/a>, ex-prefeito de Rio Claro (173 km de\u00a0<a href=\"http:\/\/noticias.uol.com.br\/sao-paulo\"><strong style=\"font-weight: bold; font-style: inherit;\">S\u00e3o Paulo<\/strong><\/a>), defende que a Constitui\u00e7\u00e3o Federal seja alterada para que os benefici\u00e1rios de programas sociais, como o Bolsa Fam\u00edlia, n\u00e3o possam votar.<\/p>\n<p>Em entrevista ao &#8220;Jornal Cidade&#8221;, de Rio Claro, na segunda-feira (27), Demarchi afirmou que o t\u00edtulo de eleitor dos que possuem cadastro em programas sociais deve ser suspenso enquanto durar o benef\u00edcio.<\/p>\n<div class=\"modflash wide center modulos grande uolmais\">\n<div class=\"conteudo\" style=\"font-weight: inherit; font-style: inherit;\">\n<h3 class=\"color14\" style=\"font-weight: bold; font-style: inherit; color: #999999;\">DILMA GANHA ONDE AS PESSOAS N\u00c3O TRABALHAM, DIZ DEPUTADO DE SP<\/h3>\n<ul class=\"itens\" style=\"font-weight: inherit; font-style: inherit;\">\n<li style=\"font-weight: inherit; font-style: inherit;\">\n<div class=\"embed\" style=\"font-weight: inherit; font-style: inherit;\"><object id=\"player_15254801\" style=\"font-weight: inherit; font-style: inherit;\" width=\"560\" height=\"315\" classid=\"clsid:D27CDB6E-AE6D-11cf-96B8-444553540000\"><embed allowfullscreen=\"true\" allowscriptaccess=\"always\" height=\"315\" id=\"player_15254801\" src=\"http:\/\/player.mais.uol.com.br\/embed_v2.swf?mediaId=15254801&amp;ver=1\" type=\"application\/x-shockwave-flash\" width=\"560\" wmode=\"window\"\/><\/object><\/div>\n<\/li>\n<\/ul>\n<\/div>\n<\/div>\n<p>&#8220;Na minha opini\u00e3o, at\u00e9 choca um pouco, eu acho que quem depende do governo precisa ter temporariamente o seu t\u00edtulo de eleitor suspenso. Ele deveria sim votar a partir do momento em que ele sa\u00edsse da depend\u00eancia do Estado&#8221;, disse.<\/p>\n<p>O deputado disse que o candidato tucano venceu onde &#8220;tem trabalho&#8221; e &#8220;trabalhador&#8221; e perdeu nas regi\u00f5es onde as pessoas rejeitam o trabalho.<\/p>\n<p>&#8220;O que ficou claro no resultado dessa elei\u00e7\u00e3o \u00e9 que onde tem trabalho, onde existe o trabalhador, aquele que levanta de manh\u00e3, que trabalha e gera a riqueza desse pa\u00eds, que \u00e9 S\u00e3o Paulo, o registro, a fotografia da mudan\u00e7a foi clara. Onde foi que n\u00f3s perdemos? Onde a depend\u00eancia do Bolsa Fam\u00edlia, onde tem a depend\u00eancia das pessoas que n\u00e3o querem o trabalho, que n\u00e3o veem o progresso dentro da sua carreira. N\u00f3s perdemos ali&#8221;, disse.<\/p>\n<h3 style=\"font-weight: bold;\">Deputado n\u00e3o se arrepende<\/h3>\n<p>Em entrevista por telefone ao\u00a0<strong style=\"font-weight: bold; font-style: inherit;\">UOL<\/strong>, o deputado n\u00e3o mostrou arrependimento pelas declara\u00e7\u00f5es. &#8220;J\u00e1 vi vereadores perderem o mandato porque deram cesta b\u00e1sica na campanha. O Bolsa Fam\u00edlia \u00e9 uma compra de voto oficializada. Se voc\u00ea n\u00e3o pode dar cesta b\u00e1sica porque \u00e9 compra de voto, quem recebe Bolsa Fam\u00edlia n\u00e3o pode votar.&#8221;<\/p>\n<p>O deputado, no entanto, n\u00e3o acha que a regra deva valer para aqueles que s\u00e3o beneficiados pelo governo de outras maneiras, como, por exemplo, empres\u00e1rios que recebem isen\u00e7\u00f5es fiscais ou empr\u00e9stimos com juro subsidiado. &#8220;Eles pagam, produzem.&#8221;<\/p>\n<p>Questionado pela reportagem sobre ter dito que A\u00e9cio perdeu onde as pessoas n\u00e3o trabalham, Demarchi negou que esteja referindo-se a alguma regi\u00e3o espec\u00edfica do pa\u00eds. &#8220;N\u00e3o estou querendo fazer separatismo. N\u00e3o estou falando do Nordeste. Aqui na minha cidade tem gente que n\u00e3o quer trabalhar porque ganha Bolsa Fam\u00edlia.&#8221;<\/p>\n<p><a href=\"http:\/\/eleicoes.uol.com.br\/2014\/noticias\/2014\/10\/23\/empregos-salarios-e-universidades-explicam-sucesso-de-dilma-no-nordeste.htm\"><strong style=\"font-weight: bold; font-style: inherit;\">Reportagem publicada pelo UOL no \u00faltimo dia 23<\/strong><\/a>\u00a0mostra que, na opini\u00e3o de especialistas, muito embora o Bolsa Fam\u00edlia ajude a impulsionar a economia do Nordeste e a reduzir a mis\u00e9ria, o bom desempenho de Dilma na regi\u00e3o \u00e9 reflexo do crescimento econ\u00f4mico do Nordeste, das obras de infraestrutura e da cria\u00e7\u00e3o de vagas em universidades federais.<\/p>\n","protected":false},"excerpt":{"rendered":"<p>Revoltado com a derrota de\u00a0A\u00e9cio Neves (PSDB)\u00a0para\u00a0Dilma Roussef (PT), o deputado estadual\u00a0Aldo Demarchi (DEM), ex-prefeito de Rio Claro (173 km de\u00a0S\u00e3o Paulo), defende que a Constitui\u00e7\u00e3o Federal seja alterada para que os benefici\u00e1rios de programas sociais, como o Bolsa Fam\u00edlia, n\u00e3o possam votar. Em entrevista ao &#8220;Jornal Cidade&#8221;, de Rio Claro, na segunda-feira (27), Demarchi [&hellip;]<\/p>\n","protected":false},"author":2,"featured_media":0,"comment_status":"open","ping_status":"open","sticky":false,"template":"","format":"standard","meta":{"_links_to":"","_links_to_target":""},"categories":[14,21,1,7],"tags":[],"_links":{"self":[{"href":"https:\/\/www.blogdotarugao.com.br\/v1\/wp-json\/wp\/v2\/posts\/18304"}],"collection":[{"href":"https:\/\/www.blogdotarugao.com.br\/v1\/wp-json\/wp\/v2\/posts"}],"about":[{"href":"https:\/\/www.blogdotarugao.com.br\/v1\/wp-json\/wp\/v2\/types\/post"}],"author":[{"embeddable":true,"href":"https:\/\/www.blogdotarugao.com.br\/v1\/wp-json\/wp\/v2\/users\/2"}],"replies":[{"embeddable":true,"href":"https:\/\/www.blogdotarugao.com.br\/v1\/wp-json\/wp\/v2\/comments?post=18304"}],"version-history":[{"count":1,"href":"https:\/\/www.blogdotarugao.com.br\/v1\/wp-json\/wp\/v2\/posts\/18304\/revisions"}],"predecessor-version":[{"id":18305,"href":"https:\/\/www.blogdotarugao.com.br\/v1\/wp-json\/wp\/v2\/posts\/18304\/revisions\/18305"}],"wp:attachment":[{"href":"https:\/\/www.blogdotarugao.com.br\/v1\/wp-json\/wp\/v2\/media?parent=18304"}],"wp:term":[{"taxonomy":"category","embeddable":true,"href":"https:\/\/www.blogdotarugao.com.br\/v1\/wp-json\/wp\/v2\/categories?post=18304"},{"taxonomy":"post_tag","embeddable":true,"href":"https:\/\/www.blogdotarugao.com.br\/v1\/wp-json\/wp\/v2\/tags?post=18304"}],"curies":[{"name":"wp","href":"https:\/\/api.w.org\/{rel}","templated":true}]}}