{"id":18312,"date":"2014-10-31T10:53:38","date_gmt":"2014-10-31T13:53:38","guid":{"rendered":"http:\/\/www.blogdotarugao.com.br\/v1\/?p=18312"},"modified":"2014-10-31T10:53:38","modified_gmt":"2014-10-31T13:53:38","slug":"dirceu-se-casara-com-parceira-apos-sair-da-prisao","status":"publish","type":"post","link":"https:\/\/www.blogdotarugao.com.br\/v1\/2014\/10\/31\/dirceu-se-casara-com-parceira-apos-sair-da-prisao\/","title":{"rendered":"Dirceu se casar\u00e1 com parceira ap\u00f3s sair da pris\u00e3o"},"content":{"rendered":"<div class=\"align-center\" style=\"color: #000000;\">\n<div class=\"imgNoticia clear\"><img title=\"Dirceu se casar\u00e1 com parceira ap\u00f3s sair da pris\u00e3o\" src=\"http:\/\/www.bahianoticias.com.br\/fotos\/principal_noticias\/162601\/xIMAGEM_NOTICIA_5.jpg.pagespeed.ic.9tXwDeKKPx.jpg\" alt=\"Dirceu se casar\u00e1 com parceira ap\u00f3s sair da pris\u00e3o\" data-pagespeed-onload=\"pagespeed.CriticalImages.checkImageForCriticality(this);\" data-pagespeed-loaded=\"1\" \/><\/p>\n<div class=\"tooltip-text\" style=\"font-weight: bold; color: #ffffff;\"><\/div>\n<\/div>\n<div class=\"clear\">\u00a0O ex-ministro da Casa Civil, Jos\u00e9 Dirceu, vai se casar com a sua companheira, a funcion\u00e1ria do Senado Federal Simone Trist\u00e3o Pereira, ap\u00f3s deixar a pris\u00e3o na pr\u00f3xima semana. O casal j\u00e1 tem uma filha juntos. A informa\u00e7\u00e3o \u00e9 do colunista do GLOBO Ancelmo Gois. Condenado no processo do mensal\u00e3o, Dirceu recebeu autoriza\u00e7\u00e3o do ministro do Supremo Tribunal Federal (STF) Lu\u00eds Roberto Barroso para cumprir em regime domiciliar o restante da pena de sete anos e 11 de meses de pris\u00e3o que lhe foi imposta pelo crime de corrup\u00e7\u00e3o ativa. O ex-ministro foi preso em 15 de novembro do ano passado. Ele s\u00f3 teria direito a progredir de regime em mar\u00e7o de 2015. S\u00f3 que, como trabalhou dentro e fora do pres\u00eddio, conseguiu a remiss\u00e3o de 142 dias de pena.<\/div>\n<\/div>\n","protected":false},"excerpt":{"rendered":"<p>\u00a0O ex-ministro da Casa Civil, Jos\u00e9 Dirceu, vai se casar com a sua companheira, a funcion\u00e1ria do Senado Federal Simone Trist\u00e3o Pereira, ap\u00f3s deixar a pris\u00e3o na pr\u00f3xima semana. O casal j\u00e1 tem uma filha juntos. A informa\u00e7\u00e3o \u00e9 do colunista do GLOBO Ancelmo Gois. Condenado no processo do mensal\u00e3o, Dirceu recebeu autoriza\u00e7\u00e3o do ministro [&hellip;]<\/p>\n","protected":false},"author":2,"featured_media":0,"comment_status":"open","ping_status":"open","sticky":false,"template":"","format":"standard","meta":{"_links_to":"","_links_to_target":""},"categories":[14,1,7],"tags":[],"_links":{"self":[{"href":"https:\/\/www.blogdotarugao.com.br\/v1\/wp-json\/wp\/v2\/posts\/18312"}],"collection":[{"href":"https:\/\/www.blogdotarugao.com.br\/v1\/wp-json\/wp\/v2\/posts"}],"about":[{"href":"https:\/\/www.blogdotarugao.com.br\/v1\/wp-json\/wp\/v2\/types\/post"}],"author":[{"embeddable":true,"href":"https:\/\/www.blogdotarugao.com.br\/v1\/wp-json\/wp\/v2\/users\/2"}],"replies":[{"embeddable":true,"href":"https:\/\/www.blogdotarugao.com.br\/v1\/wp-json\/wp\/v2\/comments?post=18312"}],"version-history":[{"count":1,"href":"https:\/\/www.blogdotarugao.com.br\/v1\/wp-json\/wp\/v2\/posts\/18312\/revisions"}],"predecessor-version":[{"id":18313,"href":"https:\/\/www.blogdotarugao.com.br\/v1\/wp-json\/wp\/v2\/posts\/18312\/revisions\/18313"}],"wp:attachment":[{"href":"https:\/\/www.blogdotarugao.com.br\/v1\/wp-json\/wp\/v2\/media?parent=18312"}],"wp:term":[{"taxonomy":"category","embeddable":true,"href":"https:\/\/www.blogdotarugao.com.br\/v1\/wp-json\/wp\/v2\/categories?post=18312"},{"taxonomy":"post_tag","embeddable":true,"href":"https:\/\/www.blogdotarugao.com.br\/v1\/wp-json\/wp\/v2\/tags?post=18312"}],"curies":[{"name":"wp","href":"https:\/\/api.w.org\/{rel}","templated":true}]}}