{"id":18853,"date":"2014-11-10T17:17:30","date_gmt":"2014-11-10T20:17:30","guid":{"rendered":"http:\/\/www.blogdotarugao.com.br\/v1\/?p=18853"},"modified":"2014-11-10T18:39:59","modified_gmt":"2014-11-10T21:39:59","slug":"macarani-aviao-bimotor-cai-a-12-km-de-bandeira-mg","status":"publish","type":"post","link":"https:\/\/www.blogdotarugao.com.br\/v1\/2014\/11\/10\/macarani-aviao-bimotor-cai-a-12-km-de-bandeira-mg\/","title":{"rendered":"Avi\u00e3o Bimotor cai em Maracani, pr\u00f3ximo \u00e0 divisa com Minas Gerais"},"content":{"rendered":"<div style=\"color: #ffffff;\"><a style=\"color: #0000ff;\" href=\"http:\/\/2.bp.blogspot.com\/-eW-mx7rO2xg\/VGEZPRKNyXI\/AAAAAAAAITw\/GYIRNdZgRD8\/s1600\/1e1d4a691007e5a01ab9081cbf520da3.jpg\"><img loading=\"lazy\" src=\"https:\/\/images-blogger-opensocial.googleusercontent.com\/gadgets\/proxy?url=http%3A%2F%2F2.bp.blogspot.com%2F-eW-mx7rO2xg%2FVGEZPRKNyXI%2FAAAAAAAAITw%2FGYIRNdZgRD8%2Fs1600%2F1e1d4a691007e5a01ab9081cbf520da3.jpg&amp;container=blogger&amp;gadget=a&amp;rewriteMime=image%2F*\" alt=\"\" width=\"400\" height=\"250\" border=\"0\" \/><\/a><\/div>\n<p><span style=\"color: #444444;\">Um avi\u00e3o bimotor caiu na tarde desta segunda-feira (10) na regi\u00e3o de Maracani, no centro-sul baiano.<\/span><\/p>\n<p>Segundo informa\u00e7\u00f5es da delegacia do munic\u00edpio, uma equipe se dirigiu ao local do acidente, pr\u00f3ximo \u00e0 divisa entre a Bahia e Minas Gerais, mas ainda n\u00e3o h\u00e1 informa\u00e7\u00f5es sobre v\u00edtimas.<\/p>\n<p>Segundo informa\u00e7\u00f5es do site Maracani Rep\u00f3rter, tamb\u00e9m foram informadas sobre a queda da aeronave a pol\u00edcia civil em Itapetinga, tamb\u00e9m no centro-sul baiano, e em Almenara, norte de Minas.<\/p>\n<p>Ainda segundo informa\u00e7\u00f5es do Maracani Rep\u00f3rter, chove muito na regi\u00e3o, com a ocorr\u00eancia de ventos fortes e dados preliminares d\u00e3o conta da exist\u00eancia de tr\u00eas v\u00edtimas fatais.<\/p>\n","protected":false},"excerpt":{"rendered":"<p>Um avi\u00e3o bimotor caiu na tarde desta segunda-feira (10) na regi\u00e3o de Maracani, no centro-sul baiano. Segundo informa\u00e7\u00f5es da delegacia do munic\u00edpio, uma equipe se dirigiu ao local do acidente, pr\u00f3ximo \u00e0 divisa entre a Bahia e Minas Gerais, mas ainda n\u00e3o h\u00e1 informa\u00e7\u00f5es sobre v\u00edtimas. Segundo informa\u00e7\u00f5es do site Maracani Rep\u00f3rter, tamb\u00e9m foram informadas [&hellip;]<\/p>\n","protected":false},"author":2,"featured_media":0,"comment_status":"open","ping_status":"open","sticky":false,"template":"","format":"standard","meta":{"_links_to":"","_links_to_target":""},"categories":[37,6,1,3],"tags":[],"_links":{"self":[{"href":"https:\/\/www.blogdotarugao.com.br\/v1\/wp-json\/wp\/v2\/posts\/18853"}],"collection":[{"href":"https:\/\/www.blogdotarugao.com.br\/v1\/wp-json\/wp\/v2\/posts"}],"about":[{"href":"https:\/\/www.blogdotarugao.com.br\/v1\/wp-json\/wp\/v2\/types\/post"}],"author":[{"embeddable":true,"href":"https:\/\/www.blogdotarugao.com.br\/v1\/wp-json\/wp\/v2\/users\/2"}],"replies":[{"embeddable":true,"href":"https:\/\/www.blogdotarugao.com.br\/v1\/wp-json\/wp\/v2\/comments?post=18853"}],"version-history":[{"count":6,"href":"https:\/\/www.blogdotarugao.com.br\/v1\/wp-json\/wp\/v2\/posts\/18853\/revisions"}],"predecessor-version":[{"id":18873,"href":"https:\/\/www.blogdotarugao.com.br\/v1\/wp-json\/wp\/v2\/posts\/18853\/revisions\/18873"}],"wp:attachment":[{"href":"https:\/\/www.blogdotarugao.com.br\/v1\/wp-json\/wp\/v2\/media?parent=18853"}],"wp:term":[{"taxonomy":"category","embeddable":true,"href":"https:\/\/www.blogdotarugao.com.br\/v1\/wp-json\/wp\/v2\/categories?post=18853"},{"taxonomy":"post_tag","embeddable":true,"href":"https:\/\/www.blogdotarugao.com.br\/v1\/wp-json\/wp\/v2\/tags?post=18853"}],"curies":[{"name":"wp","href":"https:\/\/api.w.org\/{rel}","templated":true}]}}