{"id":18935,"date":"2014-11-12T01:00:49","date_gmt":"2014-11-12T04:00:49","guid":{"rendered":"http:\/\/www.blogdotarugao.com.br\/v1\/?p=18935"},"modified":"2014-11-12T01:00:49","modified_gmt":"2014-11-12T04:00:49","slug":"regiao-sudoeste-identificadas-as-tres-vitimas-de-aviao-que-caiu-proximo-a-macarani","status":"publish","type":"post","link":"https:\/\/www.blogdotarugao.com.br\/v1\/2014\/11\/12\/regiao-sudoeste-identificadas-as-tres-vitimas-de-aviao-que-caiu-proximo-a-macarani\/","title":{"rendered":"Regi\u00e3o Sudoeste: identificadas as tr\u00eas v\u00edtimas de avi\u00e3o que caiu pr\u00f3ximo a Macarani"},"content":{"rendered":"<p><img src=\"http:\/\/www.blogdorodrigoferraz.com.br\/v1\/wp-content\/uploads\/2014\/11\/AVIAO.jpg\" alt=\"Foto: Arquivo Pessoal\" \/><\/p>\n<p><span style=\"color: #000000;\">Uma aeronave de modelo Turbo Bonanza, prefixo PT-WVM caiu na tarde desta segunda-feira (10) entre a cidade de Macarani, distante cerca de 135 km de Vit\u00f3ria da Conquista, e Bandeira de Minas, em Minas Gerais. A aeronave chocou-se com uma montanha, na regi\u00e3o pertencente a Bandeira-Minas Gerais e caiu tr\u00eas quil\u00f4metros \u00e0 frente, pr\u00f3ximo ao munic\u00edpio de Macarani.<\/span><\/p>\n<p><img loading=\"lazy\" src=\"http:\/\/www.blogdorodrigoferraz.com.br\/v1\/wp-content\/uploads\/2014\/11\/vitima_acidente_bandeira.jpg\" alt=\"Foto: Divulga\u00e7\u00e3o\" width=\"424\" height=\"287\" \/><\/p>\n<p><span style=\"color: #222222;\">No avi\u00e3o estavam a bordo, Ivys Brand\u00e3o Moreno, Lucas Henrique Felix Lima e Ivys Monte Costa, que seguiam voo Salvador a Divin\u00f3polis\/Minas Gerais. Os tr\u00eas n\u00e3o resistiram a queda e morreram no local.<\/span><\/p>\n<p><img loading=\"lazy\" src=\"http:\/\/www.blogdorodrigoferraz.com.br\/v1\/wp-content\/uploads\/2014\/11\/xIMAGEM_NOTICIA_5.jpg.pagespeed.ic_.qQYPe2KZDf.jpg\" alt=\"Foto: Macarani Urgente\" width=\"423\" height=\"312\" \/><\/p>\n<p><span style=\"color: #000000;\">A chuva forte pode ter causado o acidente.( Blog do Rodrigo Ferraz ).<\/span><\/p>\n","protected":false},"excerpt":{"rendered":"<p>Uma aeronave de modelo Turbo Bonanza, prefixo PT-WVM caiu na tarde desta segunda-feira (10) entre a cidade de Macarani, distante cerca de 135 km de Vit\u00f3ria da Conquista, e Bandeira de Minas, em Minas Gerais. A aeronave chocou-se com uma montanha, na regi\u00e3o pertencente a Bandeira-Minas Gerais e caiu tr\u00eas quil\u00f4metros \u00e0 frente, pr\u00f3ximo ao [&hellip;]<\/p>\n","protected":false},"author":2,"featured_media":0,"comment_status":"open","ping_status":"open","sticky":false,"template":"","format":"standard","meta":{"_links_to":"","_links_to_target":""},"categories":[37,6],"tags":[],"_links":{"self":[{"href":"https:\/\/www.blogdotarugao.com.br\/v1\/wp-json\/wp\/v2\/posts\/18935"}],"collection":[{"href":"https:\/\/www.blogdotarugao.com.br\/v1\/wp-json\/wp\/v2\/posts"}],"about":[{"href":"https:\/\/www.blogdotarugao.com.br\/v1\/wp-json\/wp\/v2\/types\/post"}],"author":[{"embeddable":true,"href":"https:\/\/www.blogdotarugao.com.br\/v1\/wp-json\/wp\/v2\/users\/2"}],"replies":[{"embeddable":true,"href":"https:\/\/www.blogdotarugao.com.br\/v1\/wp-json\/wp\/v2\/comments?post=18935"}],"version-history":[{"count":1,"href":"https:\/\/www.blogdotarugao.com.br\/v1\/wp-json\/wp\/v2\/posts\/18935\/revisions"}],"predecessor-version":[{"id":18936,"href":"https:\/\/www.blogdotarugao.com.br\/v1\/wp-json\/wp\/v2\/posts\/18935\/revisions\/18936"}],"wp:attachment":[{"href":"https:\/\/www.blogdotarugao.com.br\/v1\/wp-json\/wp\/v2\/media?parent=18935"}],"wp:term":[{"taxonomy":"category","embeddable":true,"href":"https:\/\/www.blogdotarugao.com.br\/v1\/wp-json\/wp\/v2\/categories?post=18935"},{"taxonomy":"post_tag","embeddable":true,"href":"https:\/\/www.blogdotarugao.com.br\/v1\/wp-json\/wp\/v2\/tags?post=18935"}],"curies":[{"name":"wp","href":"https:\/\/api.w.org\/{rel}","templated":true}]}}