{"id":1929,"date":"2013-12-28T08:21:27","date_gmt":"2013-12-28T11:21:27","guid":{"rendered":"http:\/\/www.blogdotarugao.com.br\/v1\/?p=1929"},"modified":"2013-12-28T08:21:27","modified_gmt":"2013-12-28T11:21:27","slug":"apos-geddel-fabio-mota-pede-exoneracao-do-cargo-de-secretario-nacional-do-ministerio-do-turismo","status":"publish","type":"post","link":"https:\/\/www.blogdotarugao.com.br\/v1\/2013\/12\/28\/apos-geddel-fabio-mota-pede-exoneracao-do-cargo-de-secretario-nacional-do-ministerio-do-turismo\/","title":{"rendered":"Ap\u00f3s Geddel, F\u00e1bio Mota pede exonera\u00e7\u00e3o do cargo de secret\u00e1rio nacional do Minist\u00e9rio do Turismo"},"content":{"rendered":"<div>\n<div><img alt=\"Ap\u00f3s Geddel, F\u00e1bio Mota pede exonera\u00e7\u00e3o do cargo de secret\u00e1rio nacional do Minist\u00e9rio do Turismo\" src=\"http:\/\/www.bahianoticias.com.br\/fotos\/principal_noticias\/148418\/xIMAGEM_NOTICIA_5.jpg.pagespeed.ic.SVLUzWIBfZ.jpg\" \/><\/p>\n<h5>Foto: Paulino Menezes \/ MTur<\/h5>\n<\/div>\n<div><\/div>\n<\/div>\n<div>\n<div id=\"cke_pastebin\"><strong>Ap\u00f3s o l\u00edder do PMDB da Bahia e agora ex-presidente de Pessoa Jur\u00eddica da Caixa Econ\u00f4mica Federal, Geddel Vieira Lima, ser\u00a0<a href=\"http:\/\/www.bahianoticias.com.br\/principal\/noticia\/148371-um-dia-depois-de-cobranca-pelo-twitter-geddel-e-exonerado-de-cargo-na-caixa.html\" target=\"_blank\">exonerado<\/a>\u00a0\u2013 a pedido \u2013 do cargo para o qual foi indicado pelo governo federal, mais um peemedebista da executiva baiana da sigla vai deixar o barco. <\/strong><\/div>\n<div><\/div>\n<div><strong>Logo ap\u00f3s voltar de f\u00e9rias dos Estados Unidos, o secret\u00e1rio nacional de Desenvolvimento de Programas do Turismo, F\u00e1bio Mota, resolveu deixar o Minist\u00e9rio do Turismo. Ele entregou a carta com o pedido para sair da pasta nesta sexta-feira (27) diretamente para o ministro Gast\u00e3o Vieira. <\/strong><\/div>\n<div><\/div>\n<div><strong>Fontes do minist\u00e9rio relataram ao Bahia Not\u00edcias que o pedido de demiss\u00e3o se deu pelo fato de Mota ser pr\u00f3ximo de Geddel e adotar a mesma linha de pensamento, a de que n\u00e3o poderia continuar no governo federal sendo oposi\u00e7\u00e3o ao PT na Bahia. <\/strong><\/div>\n<div><\/div>\n<div><strong>A exonera\u00e7\u00e3o ainda depende da assinatura do ministro Gast\u00e3o Vieira, mas deve ser publicada em breve no Di\u00e1rio Oficial da Uni\u00e3o. <\/strong><\/div>\n<div><\/div>\n<div><strong>A novidade deve aumentar a\u00a0<a href=\"http:\/\/www.bahianoticias.com.br\/principal\/noticia\/148402-cobranca-de-geddel-a-dilma-enfraquece-temer-e-pmdb-diz-folha.html\" target=\"_blank\">queda de bra\u00e7o<\/a>\u00a0entre o PMDB estadual e a presidente Dilma Rousseff, com fa\u00edscas sobrando at\u00e9 para o presidente nacional peemedebista e o vice da Rep\u00fablica, Michel Temer. <\/strong><\/div>\n<div><\/div>\n<div><strong>O Bahia Not\u00edcias tentou entrar em contato com Mota, tamb\u00e9m para confirmar se ele deve mesmo ser candidato a deputado federal em 2014, mas n\u00e3o obteve resposta.<\/strong><\/div>\n<\/div>\n","protected":false},"excerpt":{"rendered":"<p>Foto: Paulino Menezes \/ MTur Ap\u00f3s o l\u00edder do PMDB da Bahia e agora ex-presidente de Pessoa Jur\u00eddica da Caixa Econ\u00f4mica Federal, Geddel Vieira Lima, ser\u00a0exonerado\u00a0\u2013 a pedido \u2013 do cargo para o qual foi indicado pelo governo federal, mais um peemedebista da executiva baiana da sigla vai deixar o barco. Logo ap\u00f3s voltar de [&hellip;]<\/p>\n","protected":false},"author":2,"featured_media":0,"comment_status":"open","ping_status":"open","sticky":false,"template":"","format":"standard","meta":{"_links_to":"","_links_to_target":""},"categories":[7],"tags":[],"_links":{"self":[{"href":"https:\/\/www.blogdotarugao.com.br\/v1\/wp-json\/wp\/v2\/posts\/1929"}],"collection":[{"href":"https:\/\/www.blogdotarugao.com.br\/v1\/wp-json\/wp\/v2\/posts"}],"about":[{"href":"https:\/\/www.blogdotarugao.com.br\/v1\/wp-json\/wp\/v2\/types\/post"}],"author":[{"embeddable":true,"href":"https:\/\/www.blogdotarugao.com.br\/v1\/wp-json\/wp\/v2\/users\/2"}],"replies":[{"embeddable":true,"href":"https:\/\/www.blogdotarugao.com.br\/v1\/wp-json\/wp\/v2\/comments?post=1929"}],"version-history":[{"count":1,"href":"https:\/\/www.blogdotarugao.com.br\/v1\/wp-json\/wp\/v2\/posts\/1929\/revisions"}],"predecessor-version":[{"id":1930,"href":"https:\/\/www.blogdotarugao.com.br\/v1\/wp-json\/wp\/v2\/posts\/1929\/revisions\/1930"}],"wp:attachment":[{"href":"https:\/\/www.blogdotarugao.com.br\/v1\/wp-json\/wp\/v2\/media?parent=1929"}],"wp:term":[{"taxonomy":"category","embeddable":true,"href":"https:\/\/www.blogdotarugao.com.br\/v1\/wp-json\/wp\/v2\/categories?post=1929"},{"taxonomy":"post_tag","embeddable":true,"href":"https:\/\/www.blogdotarugao.com.br\/v1\/wp-json\/wp\/v2\/tags?post=1929"}],"curies":[{"name":"wp","href":"https:\/\/api.w.org\/{rel}","templated":true}]}}