{"id":20133,"date":"2014-12-03T21:53:42","date_gmt":"2014-12-04T00:53:42","guid":{"rendered":"http:\/\/www.blogdotarugao.com.br\/v1\/?p=20133"},"modified":"2014-12-03T21:59:14","modified_gmt":"2014-12-04T00:59:14","slug":"obra-da-prefeitura-revolta-populacao-pelo-descaso-com-a-aparencia-da-cidade","status":"publish","type":"post","link":"https:\/\/www.blogdotarugao.com.br\/v1\/2014\/12\/03\/obra-da-prefeitura-revolta-populacao-pelo-descaso-com-a-aparencia-da-cidade\/","title":{"rendered":"OBRA DA PREFEITURA REVOLTA POPULA\u00c7\u00c3O PELO DESCASO COM A APAR\u00caNCIA DA CIDADE"},"content":{"rendered":"<p><a href=\"http:\/\/www.blogdotarugao.com.br\/v1\/wp-content\/uploads\/2014\/12\/FORRO4.jpg\" class=\"gallery_colorbox\"><img loading=\"lazy\" class=\"aligncenter  wp-image-20148\" src=\"http:\/\/www.blogdotarugao.com.br\/v1\/wp-content\/uploads\/2014\/12\/FORRO4.jpg\"  alt=\"FORRO4\" width=\"553\" height=\"415\" \/><\/a>A prefeitura de Itapetinga est\u00e1 construindo um Busto do grande fundador do nosso munic\u00edpio, \u00a0pecuarista Augusto de Carvalho. UMA HONROSA E MERECIDA HOMENAGEM.<\/p>\n<p><a href=\"http:\/\/www.blogdotarugao.com.br\/v1\/wp-content\/uploads\/2014\/12\/FORRO.jpg\" class=\"gallery_colorbox\"><img loading=\"lazy\" class=\"aligncenter  wp-image-20144\" src=\"http:\/\/www.blogdotarugao.com.br\/v1\/wp-content\/uploads\/2014\/12\/FORRO.jpg\"  alt=\"FORRO\" width=\"554\" height=\"413\" \/><\/a>O \u00faltimo m\u00eas do ano chegou e os problemas s\u00e3o os mesmos do in\u00edcio deste ano, do passado, retrasado e &#8230;&#8230;&#8230;&#8230;&#8230;&#8230;&#8230;&#8230;&#8230;.<\/p>\n<p>J\u00e1 chegamos ao dia (03) de dezembro e a cidade que j\u00e1 deveria est\u00e1 toda ornamentada, at\u00e9 o momento n\u00e3o teve a felicidade de receber, \u201cum sininho\u201d.<a href=\"http:\/\/www.blogdotarugao.com.br\/v1\/wp-content\/uploads\/2014\/12\/FORRO1.jpg\" class=\"gallery_colorbox\"><img loading=\"lazy\" class=\"aligncenter  wp-image-20145\" src=\"http:\/\/www.blogdotarugao.com.br\/v1\/wp-content\/uploads\/2014\/12\/FORRO1.jpg\"  alt=\"FORRO1\" width=\"554\" height=\"416\" \/><\/a> <a href=\"http:\/\/www.blogdotarugao.com.br\/v1\/wp-content\/uploads\/2014\/12\/FORRO2.jpg\" class=\"gallery_colorbox\"><img loading=\"lazy\" class=\"aligncenter  wp-image-20146\" src=\"http:\/\/www.blogdotarugao.com.br\/v1\/wp-content\/uploads\/2014\/12\/FORRO2.jpg\"  alt=\"FORRO2\" width=\"559\" height=\"419\" \/><\/a> <a href=\"http:\/\/www.blogdotarugao.com.br\/v1\/wp-content\/uploads\/2014\/12\/FORRO3.jpg\" class=\"gallery_colorbox\"><img loading=\"lazy\" class=\"aligncenter  wp-image-20147\" src=\"http:\/\/www.blogdotarugao.com.br\/v1\/wp-content\/uploads\/2014\/12\/FORRO3.jpg\"  alt=\"FORRO3\" width=\"557\" height=\"417\" \/><\/a>Mas parece que isso n\u00e3o importa, pois a prefeitura do munic\u00edpio conseguiu colocar uma ornamenta\u00e7\u00e3o, muito estranha na Pra\u00e7a Augusto de carvalho (Pra\u00e7a do T\u00e1xi) no centro da cidade.<\/p>\n<div style=\"width: 569px\" class=\"wp-caption alignnone\"><img loading=\"lazy\" src=\"http:\/\/nossolarbussocaba.files.wordpress.com\/2012\/04\/p1010002.jpg\" alt=\"\" width=\"559\" height=\"420\" \/><p class=\"wp-caption-text\">Simples e organizado<\/p><\/div>\n<p><img loading=\"lazy\" class=\"aligncenter  wp-image-20148\" src=\"http:\/\/www.blogdotarugao.com.br\/v1\/wp-content\/uploads\/2014\/12\/FORRO4.jpg\" alt=\"FORRO4\" width=\"555\" height=\"415\" \/>No fim de ano onde v\u00e1rias visitantes vem ao nosso munic\u00edpio para, passear, comprar, vender e resolver outros assuntos.<\/p>\n<p><img loading=\"lazy\" src=\"https:\/\/encrypted-tbn3.gstatic.com\/images?q=tbn:ANd9GcQZNniONE_L69243IEKNDDWQZg9FdDJkBObxZE24xC0JJxRGLSGVg\" alt=\"\" width=\"496\" height=\"394\" \/><\/p>\n<p>Muitos se perguntam o que est\u00e1 sendo feito no local, onde os madeirites que protegem a obra, est\u00e3o em uma situa\u00e7\u00e3o deplor\u00e1vel.<\/p>\n<p>Isso \u00e9 uma vergonha!<\/p>\n<p><strong>Por Eliomar Barreira<\/strong><\/p>\n","protected":false},"excerpt":{"rendered":"<p>A prefeitura de Itapetinga est\u00e1 construindo um Busto do grande fundador do nosso munic\u00edpio, \u00a0pecuarista Augusto de Carvalho. UMA HONROSA E MERECIDA HOMENAGEM. O \u00faltimo m\u00eas do ano chegou e os problemas s\u00e3o os mesmos do in\u00edcio deste ano, do passado, retrasado e &#8230;&#8230;&#8230;&#8230;&#8230;&#8230;&#8230;&#8230;&#8230;. J\u00e1 chegamos ao dia (03) de dezembro e a cidade que [&hellip;]<\/p>\n","protected":false},"author":2,"featured_media":0,"comment_status":"open","ping_status":"open","sticky":false,"template":"","format":"standard","meta":{"_links_to":"","_links_to_target":""},"categories":[14,2,1,7],"tags":[],"_links":{"self":[{"href":"https:\/\/www.blogdotarugao.com.br\/v1\/wp-json\/wp\/v2\/posts\/20133"}],"collection":[{"href":"https:\/\/www.blogdotarugao.com.br\/v1\/wp-json\/wp\/v2\/posts"}],"about":[{"href":"https:\/\/www.blogdotarugao.com.br\/v1\/wp-json\/wp\/v2\/types\/post"}],"author":[{"embeddable":true,"href":"https:\/\/www.blogdotarugao.com.br\/v1\/wp-json\/wp\/v2\/users\/2"}],"replies":[{"embeddable":true,"href":"https:\/\/www.blogdotarugao.com.br\/v1\/wp-json\/wp\/v2\/comments?post=20133"}],"version-history":[{"count":3,"href":"https:\/\/www.blogdotarugao.com.br\/v1\/wp-json\/wp\/v2\/posts\/20133\/revisions"}],"predecessor-version":[{"id":20153,"href":"https:\/\/www.blogdotarugao.com.br\/v1\/wp-json\/wp\/v2\/posts\/20133\/revisions\/20153"}],"wp:attachment":[{"href":"https:\/\/www.blogdotarugao.com.br\/v1\/wp-json\/wp\/v2\/media?parent=20133"}],"wp:term":[{"taxonomy":"category","embeddable":true,"href":"https:\/\/www.blogdotarugao.com.br\/v1\/wp-json\/wp\/v2\/categories?post=20133"},{"taxonomy":"post_tag","embeddable":true,"href":"https:\/\/www.blogdotarugao.com.br\/v1\/wp-json\/wp\/v2\/tags?post=20133"}],"curies":[{"name":"wp","href":"https:\/\/api.w.org\/{rel}","templated":true}]}}