{"id":20257,"date":"2014-12-05T21:32:42","date_gmt":"2014-12-06T00:32:42","guid":{"rendered":"http:\/\/www.blogdotarugao.com.br\/v1\/?p=20257"},"modified":"2014-12-05T21:38:44","modified_gmt":"2014-12-06T00:38:44","slug":"itapetinga-oito-dos-15-vereadores-se-uniram-para-disputar-a-mesa-da-camara-municipal","status":"publish","type":"post","link":"https:\/\/www.blogdotarugao.com.br\/v1\/2014\/12\/05\/itapetinga-oito-dos-15-vereadores-se-uniram-para-disputar-a-mesa-da-camara-municipal\/","title":{"rendered":"Itapetinga: Oito dos 15 vereadores se uniram para disputar a Mesa da C\u00e2mara Municipal"},"content":{"rendered":"<figure class=\"thumbnail wp-caption aligncenter\"><img loading=\"lazy\" class=\"colorbox-9701\" src=\"http:\/\/1.bp.blogspot.com\/-uj9FOJsoCDY\/VIHiMC2UW2I\/AAAAAAAATSo\/1F_u2HKSPnQ\/s1600\/DSCF4656.JPG\" alt=\"\" width=\"640\" height=\"480\" border=\"0\" data-lazy-loaded=\"true\" \/><figcaption class=\"caption wp-caption-text\" style=\"color: #555555;\">Naara Duarte estava dando plant\u00e3o e n\u00e3o pode sair na foto<\/figcaption><\/figure>\n<p>Os vereadores Eliomar Barreiras (PRP), Alfredo Cabral de Assis (PSD), Fabiano Bahia (DEM), Jo\u00e3o de Deus (DEM), Renan Coelho (PCdoB), Amaral J\u00fanior (PRP), Naara Duarte (DEM), Marcos Gabrielli (PT), fizeram uma coletiva com a imprensa na manh\u00e3 desta sexta-feira (05), para prestar\u00a0 esclarecimentos \u00a0 sobre a Elei\u00e7\u00e3o da Mesa Diretora da C\u00e2mara Municipal para o Bi\u00eanio 2015\/2016. E apresenta\u00e7\u00e3o de projetos.<\/p>\n<p><strong style=\"font-weight: bold;\">Veja abaixo na integra<\/strong><\/p>\n<p>\u201cN\u00f3s vereadores\u00a0 eleitos soberanamente pela vontade do povo, que subscrevemos este documento, vimos a p\u00fablico manifestar os motivos que nos levaram a forma\u00e7\u00e3o deste bloco pluripartid\u00e1rio objetivando e elei\u00e7\u00e3o da Mesa Diretora da C\u00e2mara Municipal de Itapetinga.<\/p>\n<p>1 \u2013 Entendemos que o Poder Legislativo Municipal representa o povo, portanto as sua a\u00e7\u00f5es cotidianas devem refletir os anseios e as esperan\u00e7as dos cidad\u00e3os e cidad\u00e3s de Itapetinga;<\/p>\n<p>2 \u2013 Comprometemos com a condu\u00e7\u00e3o dos trabalhos legislativos pautados no respeito \u00e0s normas regimentais e as garantias das prerrogativas dos vereadores e independ\u00eancia do Poder Legislativo;<\/p>\n<p>3 \u2013 Abertura da C\u00e2mara Municipal \u00e0 participa\u00e7\u00e3o das entidades, associa\u00e7\u00f5es, sindicatos e organiza\u00e7\u00f5es da sociedade civil, fazendo da Casa Legislativa um caixa de resson\u00e2ncia da sociedade;<\/p>\n<p>4 \u2013 Estabelecer um di\u00e1logo direto e constante com as autoridades Estaduais e Federais sobre as demandas e problemas do Munic\u00edpio buscando solu\u00e7\u00f5es;<\/p>\n<p>5 \u2013 Fazer uma administra\u00e7\u00e3o transparente, baseada na probidade e na publicidade dos atos praticados;<\/p>\n<p>6 \u2013 Promover uma administra\u00e7\u00e3o que valorize o servidor p\u00fablico dando condi\u00e7\u00f5es para que os mesmos realizem as suas fun\u00e7\u00f5es conforme determina a lei;<\/p>\n<p>7 \u2013 Garantir o funcionamento dos gabinetes parlamentares como um espa\u00e7o de realiza\u00e7\u00e3o de atendimento do vereador a popula\u00e7\u00e3o.<\/p>\n<p>Frente ao exposto reafirmamos nosso compromisso de elegermos uma Mesa Diretora que esteja acima dos interesses partid\u00e1rios e comprometidos com o povo e a independ\u00eancia do Poder Legislativo.\u201d<\/p>\n<p>A elei\u00e7\u00e3o ainda n\u00e3o tem uma data definida devido as manobras da atual Mesa, podendo at\u00e9 n\u00e3o acontecer este ano. Os edis est\u00e3o sendo muito cuidadosos em divulgar o nome do presidente, mas o nome mais cogitado \u00e9 do vereador da base governista Amaral J\u00fanior.<\/p>\n<p><strong>Fonte: Tribuna de Itapetinga<\/strong><\/p>\n","protected":false},"excerpt":{"rendered":"<p>Naara Duarte estava dando plant\u00e3o e n\u00e3o pode sair na foto Os vereadores Eliomar Barreiras (PRP), Alfredo Cabral de Assis (PSD), Fabiano Bahia (DEM), Jo\u00e3o de Deus (DEM), Renan Coelho (PCdoB), Amaral J\u00fanior (PRP), Naara Duarte (DEM), Marcos Gabrielli (PT), fizeram uma coletiva com a imprensa na manh\u00e3 desta sexta-feira (05), para prestar\u00a0 esclarecimentos \u00a0 [&hellip;]<\/p>\n","protected":false},"author":2,"featured_media":0,"comment_status":"open","ping_status":"open","sticky":false,"template":"","format":"standard","meta":{"_links_to":"","_links_to_target":""},"categories":[6,2,1,7],"tags":[],"_links":{"self":[{"href":"https:\/\/www.blogdotarugao.com.br\/v1\/wp-json\/wp\/v2\/posts\/20257"}],"collection":[{"href":"https:\/\/www.blogdotarugao.com.br\/v1\/wp-json\/wp\/v2\/posts"}],"about":[{"href":"https:\/\/www.blogdotarugao.com.br\/v1\/wp-json\/wp\/v2\/types\/post"}],"author":[{"embeddable":true,"href":"https:\/\/www.blogdotarugao.com.br\/v1\/wp-json\/wp\/v2\/users\/2"}],"replies":[{"embeddable":true,"href":"https:\/\/www.blogdotarugao.com.br\/v1\/wp-json\/wp\/v2\/comments?post=20257"}],"version-history":[{"count":1,"href":"https:\/\/www.blogdotarugao.com.br\/v1\/wp-json\/wp\/v2\/posts\/20257\/revisions"}],"predecessor-version":[{"id":20258,"href":"https:\/\/www.blogdotarugao.com.br\/v1\/wp-json\/wp\/v2\/posts\/20257\/revisions\/20258"}],"wp:attachment":[{"href":"https:\/\/www.blogdotarugao.com.br\/v1\/wp-json\/wp\/v2\/media?parent=20257"}],"wp:term":[{"taxonomy":"category","embeddable":true,"href":"https:\/\/www.blogdotarugao.com.br\/v1\/wp-json\/wp\/v2\/categories?post=20257"},{"taxonomy":"post_tag","embeddable":true,"href":"https:\/\/www.blogdotarugao.com.br\/v1\/wp-json\/wp\/v2\/tags?post=20257"}],"curies":[{"name":"wp","href":"https:\/\/api.w.org\/{rel}","templated":true}]}}