{"id":20325,"date":"2014-12-07T18:33:53","date_gmt":"2014-12-07T21:33:53","guid":{"rendered":"http:\/\/www.blogdotarugao.com.br\/v1\/?p=20325"},"modified":"2014-12-07T18:33:53","modified_gmt":"2014-12-07T21:33:53","slug":"grazi-massafera-e-caua-reymond-curtem-praia-juntos-no-rio","status":"publish","type":"post","link":"https:\/\/www.blogdotarugao.com.br\/v1\/2014\/12\/07\/grazi-massafera-e-caua-reymond-curtem-praia-juntos-no-rio\/","title":{"rendered":"Grazi Massafera e Cau\u00e3 Reymond curtem praia juntos no Rio"},"content":{"rendered":"<div class=\"editor clearfix\">\n<div style=\"text-align: center;\"><img style=\"font-size: 12px; border-width: 0px; border-style: solid; height: 401px; width: 601px; margin: 10px;\" title=\"Reprodu\u00e7\u00e3o\" src=\"http:\/\/www.bocaonews.com.br\/fotos\/noticias\/101855\/mg\/003.jpg\" alt=\"\" \/><\/div>\n<div style=\"text-align: justify;\"><span style=\"font-size: 14px;\">Grazi Massafera vive negando os boatos sobre uma poss\u00edvel reconcilia\u00e7\u00e3o com o ex-marido Cau\u00e3 Reymond. Por\u00e9m, parece que a rela\u00e7\u00e3o entre ela e o gal\u00e3 est\u00e1 bem amig\u00e1vel. T\u00e3o amig\u00e1vel que deu at\u00e9 para os dois curtirem uma praia juntos.\u00a0<\/span><\/div>\n<div style=\"text-align: center;\"><img style=\"border-width: 0px; border-style: solid; height: 410px; width: 600px; margin: 10px;\" title=\"Reprodu\u00e7\u00e3o\" src=\"http:\/\/www.bocaonews.com.br\/fotos\/noticias\/101855\/mg\/001.jpg\" alt=\"\" \/><\/div>\n<div style=\"text-align: justify;\"><span style=\"font-size: 14px;\">Neste s\u00e1bado (6) o ex-casal curtiu o dia de sol na praia da Joatinga, na Zona Oeste do Rio, na companhia da filha, Sofia, e de alguns amigos. Enquanto a atriz passou boa parte do tempo na areia, se bronzeando e exibindo o corpo em forma, o ator aproveitou para brincar com a filha na beira da \u00e1gua.<\/span><\/div>\n<div style=\"text-align: center;\"><img style=\"border-width: 0px; border-style: solid; height: 401px; width: 601px; margin: 10px;\" title=\"Reprodu\u00e7\u00e3oi\" src=\"http:\/\/www.bocaonews.com.br\/fotos\/noticias\/101855\/mg\/002.jpg\" alt=\"\" \/><\/div>\n<\/div>\n","protected":false},"excerpt":{"rendered":"<p>Grazi Massafera vive negando os boatos sobre uma poss\u00edvel reconcilia\u00e7\u00e3o com o ex-marido Cau\u00e3 Reymond. Por\u00e9m, parece que a rela\u00e7\u00e3o entre ela e o gal\u00e3 est\u00e1 bem amig\u00e1vel. T\u00e3o amig\u00e1vel que deu at\u00e9 para os dois curtirem uma praia juntos.\u00a0 Neste s\u00e1bado (6) o ex-casal curtiu o dia de sol na praia da Joatinga, na [&hellip;]<\/p>\n","protected":false},"author":2,"featured_media":0,"comment_status":"open","ping_status":"open","sticky":false,"template":"","format":"standard","meta":{"_links_to":"","_links_to_target":""},"categories":[21,1,34],"tags":[],"_links":{"self":[{"href":"https:\/\/www.blogdotarugao.com.br\/v1\/wp-json\/wp\/v2\/posts\/20325"}],"collection":[{"href":"https:\/\/www.blogdotarugao.com.br\/v1\/wp-json\/wp\/v2\/posts"}],"about":[{"href":"https:\/\/www.blogdotarugao.com.br\/v1\/wp-json\/wp\/v2\/types\/post"}],"author":[{"embeddable":true,"href":"https:\/\/www.blogdotarugao.com.br\/v1\/wp-json\/wp\/v2\/users\/2"}],"replies":[{"embeddable":true,"href":"https:\/\/www.blogdotarugao.com.br\/v1\/wp-json\/wp\/v2\/comments?post=20325"}],"version-history":[{"count":1,"href":"https:\/\/www.blogdotarugao.com.br\/v1\/wp-json\/wp\/v2\/posts\/20325\/revisions"}],"predecessor-version":[{"id":20327,"href":"https:\/\/www.blogdotarugao.com.br\/v1\/wp-json\/wp\/v2\/posts\/20325\/revisions\/20327"}],"wp:attachment":[{"href":"https:\/\/www.blogdotarugao.com.br\/v1\/wp-json\/wp\/v2\/media?parent=20325"}],"wp:term":[{"taxonomy":"category","embeddable":true,"href":"https:\/\/www.blogdotarugao.com.br\/v1\/wp-json\/wp\/v2\/categories?post=20325"},{"taxonomy":"post_tag","embeddable":true,"href":"https:\/\/www.blogdotarugao.com.br\/v1\/wp-json\/wp\/v2\/tags?post=20325"}],"curies":[{"name":"wp","href":"https:\/\/api.w.org\/{rel}","templated":true}]}}