{"id":21566,"date":"2015-01-02T10:46:22","date_gmt":"2015-01-02T13:46:22","guid":{"rendered":"http:\/\/www.blogdotarugao.com.br\/v1\/?p=21566"},"modified":"2015-01-02T10:46:22","modified_gmt":"2015-01-02T13:46:22","slug":"elas-estao-diferentes-20-famosas-que-mudaram-o-visual-em-2014","status":"publish","type":"post","link":"https:\/\/www.blogdotarugao.com.br\/v1\/2015\/01\/02\/elas-estao-diferentes-20-famosas-que-mudaram-o-visual-em-2014\/","title":{"rendered":"Elas est\u00e3o diferentes: 20 famosas que mudaram o visual em 2014"},"content":{"rendered":"<h2 id=\"noticia-olho\" style=\"font-weight: normal !important;\">De Ren\u00e9e Zellweger a Geisy Arruda, veja as celebridades que passaram por uma transforma\u00e7\u00e3o de look neste ano<\/h2>\n<div id=\"noticia\" class=\"noticia\">\n<p class=\" \">Pl\u00e1stica, lipoaspira\u00e7\u00e3o, aplica\u00e7\u00e3o de toxina botul\u00ednica, preenchimento corte e colora\u00e7\u00e3o do cabelo. Os motivos variam, mas, todo ano, uma lista de celebridades nacionais e internacionais ganha os holofotes por mudar drasticamente o visual. Neste, n\u00e3o foi diferente, e uma das mudan\u00e7as mais comentadas foi a da atriz\u00a0<strong style=\"font-weight: bold; font-style: inherit;\">Ren\u00e9e Zellweger<\/strong>, que apareceu em um evento com o rosto bem diferente da \u00e9poca em que interpretou Bridget Jones.<\/p>\n<div id=\"galleria\" class=\"gd12\" style=\"font-weight: inherit; font-style: inherit;\" data-render-gallery=\"nulltrue\">\n<div class=\"galleria-container\" style=\"font-weight: inherit; font-style: inherit;\">\n<div class=\"galleria-stage\" style=\"font-weight: inherit; font-style: inherit;\">\n<div class=\"galleria-images\" style=\"font-weight: inherit; font-style: inherit;\">\n<div class=\"galleria-image active\" style=\"font-weight: inherit; font-style: inherit;\"><a href=\"http:\/\/www.blogdotarugao.com.br\/v1\/wp-content\/uploads\/2015\/01\/geysi.jpg\" class=\"gallery_colorbox\"><img loading=\"lazy\" class=\"aligncenter  wp-image-21567\" src=\"http:\/\/www.blogdotarugao.com.br\/v1\/wp-content\/uploads\/2015\/01\/geysi.jpg\"  alt=\"geysi\" width=\"651\" height=\"407\" \/><\/a><\/div>\n<div class=\"galleria-image\" style=\"font-weight: inherit; font-style: inherit;\"><img style=\"font-weight: inherit; font-style: inherit;\" src=\"http:\/\/i0.statig.com.br\/bancodeimagens\/3z\/oa\/qn\/3zoaqnje6y6evufqcxjfm3du8.jpg\" alt=\"Paulinha Leite emagreceu 40 quilos e pode ter feito pl\u00e1sticas. Foto: Andr\u00e9 Giorgi\" \/><\/div>\n<div class=\"galleria-image\" style=\"font-weight: inherit; font-style: inherit;\"><img style=\"font-weight: inherit; font-style: inherit;\" src=\"http:\/\/i0.statig.com.br\/bancodeimagens\/1h\/os\/p3\/1hosp3wtg9crih0jt53bj2cng.jpg\" alt=\"Jennifer Lopez surpreendeu ao mostrar a textura natural de seus cabelos no Instagram. Foto: Instagram\" \/><\/div>\n<div class=\"galleria-image\" style=\"font-weight: inherit; font-style: inherit;\"><img style=\"font-weight: inherit; font-style: inherit;\" src=\"http:\/\/i0.statig.com.br\/bancodeimagens\/8l\/9n\/nl\/8l9nnlxywn5nyrroa842i2dcu.jpg\" alt=\"Beyonc\u00e9 surgiu com a franja curtinha e dividiu opini\u00f5es. Foto: Instagram\" \/><\/div>\n<div class=\"galleria-image\" style=\"font-weight: inherit; font-style: inherit;\"><img style=\"font-weight: inherit; font-style: inherit;\" src=\"http:\/\/i0.statig.com.br\/bancodeimagens\/4m\/s5\/v2\/4ms5v217ro5zouklibr91r73m.jpg\" alt=\"Fani Pacheco adotou a franjinha curta como de Beyonc\u00e9, mas n\u00e3o agradou. Foto: Reprodu\u00e7\u00e3o\/Instagram\" \/><\/div>\n<div class=\"galleria-image\" style=\"font-weight: inherit; font-style: inherit;\"><img style=\"font-weight: inherit; font-style: inherit;\" src=\"http:\/\/i0.statig.com.br\/bancodeimagens\/37\/re\/bc\/37rebcvrvsdzb43952sl2r50g.jpg\" alt=\"Scarlett Johansson ousou no corte de cabelo e ganhou um visual elegante. Foto: Getty Images\" \/><\/div>\n<div class=\"galleria-image\" style=\"font-weight: inherit; font-style: inherit;\"><img style=\"font-weight: inherit; font-style: inherit;\" src=\"http:\/\/i0.statig.com.br\/bancodeimagens\/1w\/sq\/3g\/1wsq3gmlpf66p4pyx8zhvshw2.jpg\" alt=\"Ren\u00e9e Zellweger chocou quem n\u00e3o a via h\u00e1 tempos: o rosto da atriz est\u00e1 bem diferente. Foto: Getty Images\" \/><\/div>\n<div class=\"galleria-image\" style=\"font-weight: inherit; font-style: inherit;\"><img style=\"font-weight: inherit; font-style: inherit;\" src=\"http:\/\/i0.statig.com.br\/bancodeimagens\/ef\/w0\/cs\/efw0cs8i12i0muwg9mlpj2lad.jpg\" alt=\"O curtinho de Miley Cyrus pegou de vez, e a cantora brilhou o ano todo. Foto: Getty Images\" \/><\/div>\n<div class=\"galleria-image\" style=\"font-weight: inherit; font-style: inherit;\"><img style=\"font-weight: inherit; font-style: inherit;\" src=\"http:\/\/i0.statig.com.br\/bancodeimagens\/cs\/ql\/c3\/csqlc3ibrc57ori87c8foago1.jpg\" alt=\"Mary Kate Olsen (esquerda) mudou tanto o rosto que est\u00e1 bem diferente da irm\u00e3 g\u00eamea, Ashley Olsen. Foto: Getty Images\" \/><\/div>\n<div class=\"galleria-image\" style=\"font-weight: inherit; font-style: inherit;\"><img style=\"font-weight: inherit; font-style: inherit;\" src=\"http:\/\/i0.statig.com.br\/bancodeimagens\/cz\/4p\/ai\/cz4painrbravnhx6x1cf4hhr7.jpg\" alt=\"Lena Dunham cortou os cabelos e platinou. Mais pro fim do ano ela ainda pintou os fios de verde. Foto: Getty Images\" \/><\/div>\n<div class=\"galleria-image\" style=\"font-weight: inherit; font-style: inherit;\"><img style=\"font-weight: inherit; font-style: inherit;\" src=\"http:\/\/i0.statig.com.br\/bancodeimagens\/aq\/qs\/uf\/aqqsufyahc12g4o339o4yzmi3.jpg\" alt=\"Kylie Jenner foi comentada o ano todo devido aos l\u00e1bios, bem mais inchados que o normal. . Foto: Getty Images\" \/><\/div>\n<div class=\"galleria-image\" style=\"font-weight: inherit; font-style: inherit;\"><img style=\"font-weight: inherit; font-style: inherit;\" src=\"http:\/\/i0.statig.com.br\/bancodeimagens\/dv\/ij\/zl\/dvijzlrhpcisj5wf6hon3542w.jpg\" alt=\"Elle Fanning abandonou os cabelos naturalmente loiros e longos e adotou um visual mais maduro. Foto: Getty Images\" \/><\/div>\n<div class=\"galleria-image\" style=\"font-weight: inherit; font-style: inherit;\"><img style=\"font-weight: inherit; font-style: inherit;\" src=\"http:\/\/i0.statig.com.br\/bancodeimagens\/8b\/qi\/0p\/8bqi0p27pi3o6eed5ox8t6if6.jpg\" alt=\"Demi Lovato entrou na onda dos cabelos coloridos, e seu azul inspirou muitas meninas por a\u00ed. Foto: Getty Images\" \/><\/div>\n<div class=\"galleria-image\" style=\"font-weight: inherit; font-style: inherit;\"><img style=\"font-weight: inherit; font-style: inherit;\" src=\"http:\/\/i0.statig.com.br\/bancodeimagens\/9v\/60\/x5\/9v60x5swy47kl24jlgh0ubflb.jpg\" alt=\"Sophie Charlotte foi a musa dos cabelos curtinhos em 2014 no Brasil, e inspirou muita gente a tosar. Foto: TV Globo \/ Divulga\u00e7\u00e3o\" \/><\/div>\n<div class=\"galleria-image\" style=\"font-weight: inherit; font-style: inherit;\"><img style=\"font-weight: inherit; font-style: inherit;\" src=\"http:\/\/i0.statig.com.br\/bancodeimagens\/3u\/40\/wz\/3u40wzxbmofpmlr3wd1hriu8x.jpg\" alt=\"Isabelle Drummond virou loira do cabel\u00e3o para a novela. Foto: TV Globo \/ Divulga\u00e7\u00e3o\" \/><\/div>\n<div class=\"galleria-image\" style=\"font-weight: inherit; font-style: inherit;\"><img style=\"font-weight: inherit; font-style: inherit;\" src=\"http:\/\/i0.statig.com.br\/bancodeimagens\/4d\/2o\/y5\/4d2oy55fo1oly4csli25nfuzj.jpg\" alt=\"Fernanda Vasconcellos \u00e9 outra morena que aloirou. Foto: TV Globo \/ Divulga\u00e7\u00e3o\" \/><\/div>\n<div class=\"galleria-image\" style=\"font-weight: inherit; font-style: inherit;\"><a href=\"http:\/\/www.blogdotarugao.com.br\/v1\/wp-content\/uploads\/2015\/01\/claudia.jpg\" class=\"gallery_colorbox\"><img loading=\"lazy\" class=\"aligncenter size-full wp-image-21568\" src=\"http:\/\/www.blogdotarugao.com.br\/v1\/wp-content\/uploads\/2015\/01\/claudia.jpg\"  alt=\"claudia\" width=\"652\" height=\"408\" \/><\/a><\/div>\n<div class=\"galleria-image\" style=\"font-weight: inherit; font-style: inherit;\"><img style=\"font-weight: inherit; font-style: inherit;\" src=\"http:\/\/i0.statig.com.br\/bancodeimagens\/d5\/it\/b2\/d5itb2edhg2jxfhmwk83r4ea9.jpg\" alt=\"Cassia Kis Magro ousou e raspou os cabelos. Foto: TV Globo \/ Divulga\u00e7\u00e3o\" \/><\/div>\n<div class=\"galleria-image\" style=\"font-weight: inherit; font-style: inherit;\"><a href=\"http:\/\/www.blogdotarugao.com.br\/v1\/wp-content\/uploads\/2015\/01\/doida.jpg\" class=\"gallery_colorbox\"><img loading=\"lazy\" class=\"aligncenter size-full wp-image-21569\" src=\"http:\/\/www.blogdotarugao.com.br\/v1\/wp-content\/uploads\/2015\/01\/doida.jpg\"  alt=\"doida\" width=\"652\" height=\"408\" \/><\/a><\/div>\n<div class=\"galleria-image\" style=\"font-weight: inherit; font-style: inherit;\"><img style=\"font-weight: inherit; font-style: inherit;\" src=\"http:\/\/i0.statig.com.br\/bancodeimagens\/4o\/j6\/ec\/4oj6ecjp3e4fen8jrlbo1e2ic.jpg\" alt=\"Anitta mudou bastante com pl\u00e1sticas, e n\u00e3o escondeu isso de ningu\u00e9m . Foto: TV Globo \/ Divulga\u00e7\u00e3o\" \/><\/div>\n<\/div>\n<\/div>\n<div class=\"galleria-info\" style=\"font-weight: inherit; font-style: inherit;\">\n<div class=\"galleria-info-text\" style=\"font-weight: inherit; font-style: inherit;\">\n<div class=\"galleria-info-description\" style=\"font-weight: inherit; font-style: inherit; color: #666666;\">Geisy Arruda chamou a aten\u00e7\u00e3o em 2014 pelo corp\u00e3o .<\/div>\n<\/div>\n<\/div>\n<\/div>\n<\/div>\n<p>C\u00e9zar Augustus, m\u00e9dico especializado em medicina est\u00e9tica que atende no i9 Hair &amp; Spa, analisou o novo look da estrela de Hollywood e listou as principais altera\u00e7\u00f5es: \u201cO excesso de pele da p\u00e1lpebra superior foi removido, com uma blefaroplastia, abrindo os olhos. Na testa, possivelmente, foi feita uma aplica\u00e7\u00e3o de toxina botul\u00ednica e preenchimento, assim como nos l\u00e1bios. Al\u00e9m disso, a bochecha superior parece ter sido preenchida tamb\u00e9m, enquanto a inferior est\u00e1 com menos gordura, o que pode ser resultado tanto de perda de peso quanto de uma remo\u00e7\u00e3o cir\u00fargica\u201d. Para o cirurgi\u00e3o pl\u00e1stico Laercio\u00a0Guerra Garcia J\u00fanior, integrante do corpo cl\u00ednico do Hospital Israelita Albert Einstein e do Hospital S\u00e3o Luiz, Rene\u00e9 exagerou. \u201cA face est\u00e1 muito paralisada e evidenciada\u201d, diz.<\/p>\n<p>Outra artista que deu o que falar foi a funkeira\u00a0<strong style=\"font-weight: bold; font-style: inherit;\">Anitta<\/strong>, que, ao contr\u00e1rio da atriz de Hollwood, n\u00e3o negou em momento algum os procedimentos est\u00e9ticos que fez. Na opini\u00e3o de Garcia J\u00fanior, ela mudou para melhor e, al\u00e9m de rinoplastia e aplica\u00e7\u00e3o de toxina botul\u00ednica, que fica evidente pelo novo arqueamento da sobrancelha, a cantora provavelmente usou um preenchedor nos sulcos da face, suavizando a sua express\u00e3o.<\/p>\n<figure class=\"foto-legenda gd6\" style=\"font-weight: inherit; font-style: inherit;\"><span style=\"font-weight: inherit; font-style: inherit;\"><img style=\"font-weight: inherit; font-style: inherit;\" src=\"http:\/\/i0.statig.com.br\/bancodeimagens\/1w\/dc\/w2\/1wdcw2atq534o4bfoe3kjtjm2.jpg\" alt=\"\" \/><\/span><figcaption class=\"undefined\" style=\"font-weight: inherit; font-style: inherit;\"><cite style=\"font-weight: normal !important; font-style: normal !important; color: #999999;\">Getty Images<\/cite><\/p>\n<div class=\"undefined\" style=\"font-weight: normal !important; font-style: normal !important;\">Mary-Kate mudou bastante o rosto, e est\u00e1 diferente da irm\u00e3 g\u00eamea Ashley<\/div>\n<\/figcaption><\/figure>\n<p class=\" \">As ma\u00e7\u00e3s saltadas de\u00a0<strong style=\"font-weight: bold; font-style: inherit;\">Mary-Kate Olsen<\/strong>tamb\u00e9m fizeram todo o mundo especular sobre o que a atriz teria feito em seu rosto, agora t\u00e3o diferente do da irm\u00e3 g\u00eamea, Ashley Olsen. Garcia J\u00fanior explica que a atriz acabou ficando com um aspecto mais envelhecido por causa das mudan\u00e7as. \u201cD\u00e1 para ver que houve um arqueamento da sobrancelha. Ao comparar fotos, a sensa\u00e7\u00e3o que d\u00e1 \u00e9 a de que ela tem um tracionamento na pele \u2013 parece que ela realizou um lifting, al\u00e9m de ter colocado preenchedor na ma\u00e7\u00e3 do rosto. Com certeza, o visual piorou, e o tratamento, acho, n\u00e3o foi cir\u00fargico\u201d, opina.<\/p>\n<p>O aumento no volume dos l\u00e1bios de\u00a0<strong style=\"font-weight: bold; font-style: inherit;\">Kylie Jenner<\/strong>\u00a0tamb\u00e9m gerou coment\u00e1rios por todos os lados. Embora a socialite negue ter feito preenchimento, Augustus diz que,\u00a0olhando rapidamente, n\u00e3o resta outra opini\u00e3o se n\u00e3o a de que houve, sim, um procedimento do tipo. \u201cPor\u00e9m, como ela negou, procurei saber melhor e pode ser tamb\u00e9m resultado do uso de um produto que se chama\u00a0Candy Lipz, que \u00e9, na verdade, um\u00a0\u2018sugador de l\u00e1bios\u2019. Voc\u00ea encaixa na boca, aperta, solta, e, sozinho, ele realiza um trabalho de suc\u00e7\u00e3o que vai aumentando aos poucos o tamanho da boca. Mas, vale ressaltar, nada foi realmente comprovado.\u201d<\/p>\n<p class=\" \">Duas celebridades brasileiras que deram o que falar por mostrarem um corpo bem diferente foram\u00a0<strong style=\"font-weight: bold; font-style: inherit;\">Paula Leite<\/strong>, ex-BBB, e\u00a0<strong style=\"font-weight: bold; font-style: inherit;\">Geisy Arruda<\/strong>. No caso da primeira, al\u00e9m de emagrecer 40 kg, Garcia J\u00fanior acredita que ela fez uma lipoaspira\u00e7\u00e3o, j\u00e1 que a cintura est\u00e1 bem desenhada. \u201cInclusive, \u00e9 preciso deixar claro que lipo \u00e9 uma cirurgia de contorno corporal, n\u00e3o emagrece ningu\u00e9m. Serve apenas para eliminar gordura localizada\u201d, diz. \u201cJ\u00e1 a Geisy, al\u00e9m de lipoaspira\u00e7\u00e3o, diria que colocou pr\u00f3tese nas mamas, aplicou toxina botul\u00ednica e preenchedores nas ma\u00e7\u00e3s do rosto e nos l\u00e1bios, com o objetivo de rejuvenescer. Esses tratamentos, normalmente, t\u00eam excelentes resultados, como com ela. O problema \u00e9 quando h\u00e1 o abuso e falta de bom-senso de quem faz e do m\u00e9dico.\u201d<\/p>\n<figure class=\"foto-legenda gd6\" style=\"font-weight: inherit; font-style: inherit;\"><span style=\"font-weight: inherit; font-style: inherit;\"><img style=\"font-weight: inherit; font-style: inherit;\" src=\"http:\/\/i0.statig.com.br\/bancodeimagens\/34\/qz\/il\/34qzil4ptizmmrqvskxic12dl.jpg\" alt=\"\" \/><\/span><figcaption class=\"undefined\" style=\"font-weight: inherit; font-style: inherit;\"><cite style=\"font-weight: normal !important; font-style: normal !important; color: #999999;\">Getty Images<\/cite><\/p>\n<div class=\"undefined\" style=\"font-weight: normal !important; font-style: normal !important;\">Scarlett Johansson arrasou com o novo corte de cabelos<\/div>\n<\/figcaption><\/figure>\n<p class=\" \">Al\u00e9m dos procedimentos est\u00e9ticos, algumas mudan\u00e7as no cabelo foram muito comentadas.\u00a0<strong style=\"font-weight: bold; font-style: inherit;\">Scarlett Johansson<\/strong>,\u00a0agora com os fios mais curtos, ganhou elogios do hairstylist Rog\u00e9rio Amorim, do i9 Hair &amp; Spa. \u201c\u00c9 um corte totalmente desconectado, que passa um ar de mulher segura, fazendo com que chame aten\u00e7\u00e3o por onde passa, especialmente por sua modernidade. Considerada uma das personalidades mais sexy do mundo, a atriz ficou ainda mais jovial\u201d, defende.<\/p>\n<p>J\u00e1 a aposta da atriz\u00a0<strong style=\"font-weight: bold; font-style: inherit;\">Lena Dunham<\/strong>\u00a0em um corte tigela com colora\u00e7\u00e3o loiro platinado \u00e9 mais arriscada, de acordo com o especialista. \u201c\u00c9 uma cor ousada em um corte chanel arredondado\u00a0com franja bem marcada. Um visual andr\u00f3geno e moderno, que serve para uma mulher com muito estilo e personalidade.\u201d<\/p>\n<p>O cabeleireiro Gustavo Almeida, do Espa\u00e7o Be, analisa a franjinha curta de\u00a0<strong style=\"font-weight: bold; font-style: inherit;\">Beyonc\u00e9<\/strong>, bastante criticada pelos f\u00e3s. \u201cPara usar franjas acima das sobrancelhas,\u00a0a mulher tem que ser muito estilosa, pois \u00e9 um corte que remete a algo mais retr\u00f4. Antes de fazer, devemos levar em considera\u00e7\u00e3o o formato de rosto: os ovais e arredondados s\u00e3o os que mais combinam\u201d, explica. Quem apostou em um look parecido foi a ex-BBB\u00a0<strong style=\"font-weight: bold; font-style: inherit;\">Fani Pacheco<\/strong>, que recebeu uma enxurrada de coment\u00e1rios negativos. \u201cN\u00e3o ficou legal, pois o corte tem um estilo pin-up que funciona para outro perfil. O ideal para quem quer ter uma franja \u00e9 analisar com o apoio de um visagista\u201d, complementa a visagista e hairstylist R\u00f4 Pinheiro, do i9 Hair &amp; Spa.<\/p>\n<figure class=\"foto-legenda gd6\" style=\"font-weight: inherit; font-style: inherit;\"><span style=\"font-weight: inherit; font-style: inherit;\"><img style=\"font-weight: inherit; font-style: inherit;\" src=\"http:\/\/i0.statig.com.br\/bancodeimagens\/1u\/t9\/s3\/1ut9s32634lh66hlblro71brg.jpg\" alt=\"\" \/><\/span><figcaption class=\"undefined\" style=\"font-weight: inherit; font-style: inherit;\"><cite style=\"font-weight: normal !important; font-style: normal !important; color: #999999;\">Instagram<\/cite><\/p>\n<div class=\"undefined\" style=\"font-weight: normal !important; font-style: normal !important;\">Jennifer Lopez exibiu seus cachos naturais no Instagram<\/div>\n<\/figcaption><\/figure>\n<p class=\" \"><strong style=\"font-weight: bold; font-style: inherit;\">Jennifer Lopez<\/strong>\u00a0ganhou elogios ao aparecer em uma foto do Instagram com o cabelo natural: curto e cacheado.\u00a0Amorim explica que o corte repicado e com volume natural \u00e9 tend\u00eancia para 2015. \u201c\u00c9 pr\u00e1tico, mas precisa de um bom ativador de cachos para acentuar e domar o volume, deixando-o sempre com movimento e hidratado.\u201d O especialista comenta ainda a mudan\u00e7a da cor dos fios de\u00a0<strong style=\"font-weight: bold; font-style: inherit;\">Elle Fanning<\/strong>, que deixou de ser loira. \u201cEla est\u00e1 com um chanel longo e reto, abaixo do ombro, com um tom de marrom quente, que tamb\u00e9m deve estar em alta no pr\u00f3ximo ano. A atriz optou por um visual chique e pr\u00e1tico para todas as mulheres, de todas as idades.\u201d<\/p>\n<p class=\" \">Cortes que fizeram sucesso o ano inteiro foram os bem curtinhos, como o de\u00a0<strong style=\"font-weight: bold; font-style: inherit;\">Miley Cyrus<\/strong>e o de\u00a0<strong style=\"font-weight: bold; font-style: inherit;\">Sophie Charlotte<\/strong>. R\u00f4 explica que a cantora adota um ar mais moderninho por ser refer\u00eancia para as jovens. \u201cO cabelo curto \u00e9 charmoso,\u00a0sensual, moderno e f\u00e1cil de cuidar&#8230; Uma boa pedida pra quem est\u00e1 a fim de mudar o visual, especialmente agora no ver\u00e3o. No caso da Miley, o loiro em tons bem claros tamb\u00e9m esteve super em alta este ano e deve continuar assim.\u201d<\/p>\n<p><strong style=\"font-weight: bold; font-style: inherit;\">C\u00e1ssia Kis Magro<\/strong>\u00a0foi mais longe e raspou as madeixas. R\u00f4 comenta que a ideia n\u00e3o combina com todos os tipos de rostos. \u201c\u00c9 bem radical, mas funciona para quem quer evidenciar o rosto e gosta de uma boa maquiagem, al\u00e9m de acess\u00f3rios\u201d, diz.<\/p>\n<figure class=\"foto-legenda gd6\" style=\"font-weight: inherit; font-style: inherit;\"><span style=\"font-weight: inherit; font-style: inherit;\"><img style=\"font-weight: inherit; font-style: inherit;\" src=\"http:\/\/i0.statig.com.br\/bancodeimagens\/d5\/ez\/uq\/d5ezuqjkzymyn775tnxvr40vb.jpg\" alt=\"\" \/><\/span><figcaption class=\"undefined\" style=\"font-weight: inherit; font-style: inherit;\"><cite style=\"font-weight: normal !important; font-style: normal !important; color: #999999;\">Reprodu\u00e7\u00e3o\/Instagram<\/cite><\/p>\n<div class=\"undefined\" style=\"font-weight: normal !important; font-style: normal !important;\">O novo look de Claudia Raia \u00e9 um sucesso!<\/div>\n<\/figcaption><\/figure>\n<p class=\" \">Um pouco mais comprido, o cabelo que a atriz\u00a0<strong style=\"font-weight: bold; font-style: inherit;\">Claudia Raia<\/strong>\u00a0est\u00e1 usando na novela \u201cAlto Astral\u201d j\u00e1 \u00e9 sucesso entre os telespectadores. Almeida afirma o curto repicado e loiro exige cuidados. \u201c\u00c9 um visual que envolve v\u00e1rias etapas de colora\u00e7\u00f5es,\u00a0descolora\u00e7\u00f5es e tratamentos. O corte na altura do pesco\u00e7o em muitas camadas deve ser estilizado com spray e pomadas\u201d, afirma.<\/p>\n<p>O rosa dos fios de\u00a0<strong style=\"font-weight: bold; font-style: inherit;\">Bruna Linzmeyer<\/strong>, que coloriu as madeixas para protagonizar a novela \u201cMeu Pedacinho de Ch\u00e3o\u201d, e o azul de\u00a0<strong style=\"font-weight: bold; font-style: inherit;\">Demi Lovato<\/strong>, s\u00e3o tend\u00eancia forte entre os jovens. \u201cAt\u00e9 as crian\u00e7as, hoje em dia, querem usar uma ou outra mechinha colorida, mas, para pintar tudo, seja de rosa, azul, verde, tem que ter estilo e precisa combinar com sua personalidade\u201d, fala R\u00f4. \u00c9 importante ainda dizer que a manuten\u00e7\u00e3o precisa ser intensa, pois essas cores desbotam facilmente, e uma boa conversa com o cabeleireiro, para discutir se o tom de pele combina com a tonalidade escolhida, \u00e9 essencial. Al\u00e9m disso, aderir a um corte moderno, como o side cut de Demi, d\u00e1 um charme a mais ao visual.<a style=\"color: #864080;\" href=\"http:\/\/delas.ig.com.br\/beleza\/antesedepois\/2014-04-08\/antes-e-depois-cabelos-cor-de-rosa.html\">te<\/a><\/p>\n<p>As globais\u00a0<strong style=\"font-weight: bold; font-style: inherit;\">Isabelle Drummond<\/strong>\u00a0e\u00a0<strong style=\"font-weight: bold; font-style: inherit;\">Fernanda Vasconcellos<\/strong>\u00a0deixaram as madeixas morenas para tr\u00e1s em 2014, tornando-se loir\u00edssimas. Para R\u00f4, a eterna Em\u00edlia do \u201cS\u00edtio do Picapau Amarelo\u201d impressionou ao aparecer com os fios clar\u00edssimos, quase platinados. \u201cO tom \u00e9 para mulheres ousadas e deve ter harmonia. Essa tonalidade fica bem para a maioria, mas \u00e9 mais adequado para as de pele clara. \u00c9 um cabelo que\u00a0requer alguns cuidados, como hidrata\u00e7\u00f5es semanais, tratamentos\u00a0de devolu\u00e7\u00e3o de \u00e1gua, totaliza\u00e7\u00e3o e retoque\u201d, afirma. No caso de Fernanda, al\u00e9m da cor, o corte tamb\u00e9m mudou bastante.\u00a0\u201cEst\u00e1 bem repicado, deixando o cabelo mais leve e controlando o volume. Como o loiro dela \u00e9 mais suave, \u00e9 necess\u00e1rio fazer retoques mensais de colora\u00e7\u00e3o e hidrata\u00e7\u00f5es para manter a sa\u00fade e o brilho dos fios.\u201d<\/p>\n<\/div>\n","protected":false},"excerpt":{"rendered":"<p>De Ren\u00e9e Zellweger a Geisy Arruda, veja as celebridades que passaram por uma transforma\u00e7\u00e3o de look neste ano Pl\u00e1stica, lipoaspira\u00e7\u00e3o, aplica\u00e7\u00e3o de toxina botul\u00ednica, preenchimento corte e colora\u00e7\u00e3o do cabelo. Os motivos variam, mas, todo ano, uma lista de celebridades nacionais e internacionais ganha os holofotes por mudar drasticamente o visual. Neste, n\u00e3o foi diferente, [&hellip;]<\/p>\n","protected":false},"author":2,"featured_media":0,"comment_status":"open","ping_status":"open","sticky":false,"template":"","format":"standard","meta":{"_links_to":"","_links_to_target":""},"categories":[21,1,34],"tags":[],"_links":{"self":[{"href":"https:\/\/www.blogdotarugao.com.br\/v1\/wp-json\/wp\/v2\/posts\/21566"}],"collection":[{"href":"https:\/\/www.blogdotarugao.com.br\/v1\/wp-json\/wp\/v2\/posts"}],"about":[{"href":"https:\/\/www.blogdotarugao.com.br\/v1\/wp-json\/wp\/v2\/types\/post"}],"author":[{"embeddable":true,"href":"https:\/\/www.blogdotarugao.com.br\/v1\/wp-json\/wp\/v2\/users\/2"}],"replies":[{"embeddable":true,"href":"https:\/\/www.blogdotarugao.com.br\/v1\/wp-json\/wp\/v2\/comments?post=21566"}],"version-history":[{"count":1,"href":"https:\/\/www.blogdotarugao.com.br\/v1\/wp-json\/wp\/v2\/posts\/21566\/revisions"}],"predecessor-version":[{"id":21570,"href":"https:\/\/www.blogdotarugao.com.br\/v1\/wp-json\/wp\/v2\/posts\/21566\/revisions\/21570"}],"wp:attachment":[{"href":"https:\/\/www.blogdotarugao.com.br\/v1\/wp-json\/wp\/v2\/media?parent=21566"}],"wp:term":[{"taxonomy":"category","embeddable":true,"href":"https:\/\/www.blogdotarugao.com.br\/v1\/wp-json\/wp\/v2\/categories?post=21566"},{"taxonomy":"post_tag","embeddable":true,"href":"https:\/\/www.blogdotarugao.com.br\/v1\/wp-json\/wp\/v2\/tags?post=21566"}],"curies":[{"name":"wp","href":"https:\/\/api.w.org\/{rel}","templated":true}]}}