{"id":218,"date":"2013-11-13T01:11:22","date_gmt":"2013-11-13T04:11:22","guid":{"rendered":"http:\/\/www.blogdotarugao.com.br\/v1\/?p=218"},"modified":"2013-11-13T07:37:18","modified_gmt":"2013-11-13T10:37:18","slug":"secretaria-de-educacao-ameaca-merendeiras-que-vao-paralisar","status":"publish","type":"post","link":"https:\/\/www.blogdotarugao.com.br\/v1\/2013\/11\/13\/secretaria-de-educacao-ameaca-merendeiras-que-vao-paralisar\/","title":{"rendered":"Secret\u00e1ria de Educa\u00e7\u00e3o amea\u00e7a merendeiras que v\u00e3o paralisar"},"content":{"rendered":"<p><img alt=\"\" src=\"http:\/\/tribunadeitapetinga.com.br\/media\/2013\/11\/577464_250052028433042_288215220_n.jpg\" \/><\/p>\n<p>A secret\u00e1ria de Educa\u00e7\u00e3o do munic\u00edpio de Itapetinga, Sibely Nery, em entrevista concedida ao programa de Amaral J\u00fanior, disse que a paralisa\u00e7\u00e3o que as merendeiras do munic\u00edpio far\u00e3o nesta quarta-feira (13) contra a extin\u00e7\u00e3o do \u201cturn\u00e3o de 6 h\u201d n\u00e3o \u00e9 legal e\u00a0 as provid\u00eancias cab\u00edveis ser\u00e3o tomadas junto a Procuradoria Geral do munic\u00edpio.<\/p>\n<p>O pronunciamento da diretora de Educa\u00e7\u00e3o , gerou muita revolta entre a classe,\u00a0 extremamente sem no\u00e7\u00e3o Sibely disse que tamb\u00e9m\u00a0 est\u00e1 aberta a negocia\u00e7\u00f5es com os funcion\u00e1rios, para eles, Sibely faltou com a verdade, pois muitas vezes ela foi procurada pelas merendeiras mais nunca deu a aten\u00e7\u00e3o necess\u00e1ria para solu\u00e7\u00e3o do problema.<\/p>\n<p>Fonte: Tribuna de Itapetinga<\/p>\n<p>&nbsp;<\/p>\n","protected":false},"excerpt":{"rendered":"<p>A secret\u00e1ria de Educa\u00e7\u00e3o do munic\u00edpio de Itapetinga, Sibely Nery, em entrevista concedida ao programa de Amaral J\u00fanior, disse que a paralisa\u00e7\u00e3o que as merendeiras do munic\u00edpio far\u00e3o nesta quarta-feira (13) contra a extin\u00e7\u00e3o do \u201cturn\u00e3o de 6 h\u201d n\u00e3o \u00e9 legal e\u00a0 as provid\u00eancias cab\u00edveis ser\u00e3o tomadas junto a Procuradoria Geral do munic\u00edpio. O [&hellip;]<\/p>\n","protected":false},"author":2,"featured_media":0,"comment_status":"open","ping_status":"open","sticky":false,"template":"","format":"standard","meta":{"_links_to":"","_links_to_target":""},"categories":[2,7],"tags":[],"_links":{"self":[{"href":"https:\/\/www.blogdotarugao.com.br\/v1\/wp-json\/wp\/v2\/posts\/218"}],"collection":[{"href":"https:\/\/www.blogdotarugao.com.br\/v1\/wp-json\/wp\/v2\/posts"}],"about":[{"href":"https:\/\/www.blogdotarugao.com.br\/v1\/wp-json\/wp\/v2\/types\/post"}],"author":[{"embeddable":true,"href":"https:\/\/www.blogdotarugao.com.br\/v1\/wp-json\/wp\/v2\/users\/2"}],"replies":[{"embeddable":true,"href":"https:\/\/www.blogdotarugao.com.br\/v1\/wp-json\/wp\/v2\/comments?post=218"}],"version-history":[{"count":3,"href":"https:\/\/www.blogdotarugao.com.br\/v1\/wp-json\/wp\/v2\/posts\/218\/revisions"}],"predecessor-version":[{"id":227,"href":"https:\/\/www.blogdotarugao.com.br\/v1\/wp-json\/wp\/v2\/posts\/218\/revisions\/227"}],"wp:attachment":[{"href":"https:\/\/www.blogdotarugao.com.br\/v1\/wp-json\/wp\/v2\/media?parent=218"}],"wp:term":[{"taxonomy":"category","embeddable":true,"href":"https:\/\/www.blogdotarugao.com.br\/v1\/wp-json\/wp\/v2\/categories?post=218"},{"taxonomy":"post_tag","embeddable":true,"href":"https:\/\/www.blogdotarugao.com.br\/v1\/wp-json\/wp\/v2\/tags?post=218"}],"curies":[{"name":"wp","href":"https:\/\/api.w.org\/{rel}","templated":true}]}}