{"id":22376,"date":"2015-01-12T07:12:16","date_gmt":"2015-01-12T10:12:16","guid":{"rendered":"http:\/\/www.blogdotarugao.com.br\/v1\/?p=22376"},"modified":"2015-01-11T21:14:52","modified_gmt":"2015-01-12T00:14:52","slug":"ministros-de-dilma-usaram-avioes-da-fab-para-fazerem-campanha","status":"publish","type":"post","link":"https:\/\/www.blogdotarugao.com.br\/v1\/2015\/01\/12\/ministros-de-dilma-usaram-avioes-da-fab-para-fazerem-campanha\/","title":{"rendered":"Ministros de Dilma usaram avi\u00f5es da FAB para fazerem campanha"},"content":{"rendered":"<h3><a href=\"http:\/\/www.blogdotarugao.com.br\/v1\/wp-content\/uploads\/2015\/01\/DILMA.jpg\" class=\"gallery_colorbox\"><img loading=\"lazy\" class=\"aligncenter  wp-image-22377\" src=\"http:\/\/www.blogdotarugao.com.br\/v1\/wp-content\/uploads\/2015\/01\/DILMA.jpg\"  alt=\"DILMA\" width=\"496\" height=\"330\" srcset=\"https:\/\/www.blogdotarugao.com.br\/v1\/wp-content\/uploads\/2015\/01\/DILMA.jpg 800w, https:\/\/www.blogdotarugao.com.br\/v1\/wp-content\/uploads\/2015\/01\/DILMA-300x199.jpg 300w\" sizes=\"(max-width: 496px) 100vw, 496px\" \/><\/a>Findada a agenda oficial, os ministros da presidente Dilma Rousseff aproveitavam os avi\u00f5es da For\u00e7a A\u00e9rea Brasileira (FAB) para atividades de campanha. Em levantamento feito pelo jornal Folha de S. Paulo, integrantes dos poderes Executivo, Legislativo e Judici\u00e1rio solicitaram 3.438 viagens no ano passado.<\/h3>\n<h3>Os exemplos s\u00e3o muitos. Em setembro, o ministro da Sa\u00fade Arthur Chioro foi a Jaboat\u00e3o dos Guararapes (PE) assinar um termo de compromisso em evento oficial. Depois seguiu para uma carreata de campanha de Armando Monteiro (PTB) ao governo. No dia 12 de novembro, o ent\u00e3o ministro da Secretaria Geral da Presid\u00eancia, Gilberto Carvalho, foi a um evento organizado pela Central \u00danica do Trabalhadores (CUT), em Lages (SC).<\/h3>\n<h3><img src=\"http:\/\/www.bocaonews.com.br\/fotos\/noticias\/104208\/mg\/002.jpg\" alt=\"\" \/><\/h3>\n<h3>Outro caso \u00e9 da ministra de Direitos Humanos, Ideli Salvatti, uma das que mais defendeu a presidente durante a campanha. Das 144 viagens feitas a trabalho pela ministra em 2014, metade foi retornando de Bras\u00edlia e das 72 restantes, 17 foram para Santa Catarina, sua base eleitoral.<\/h3>\n<h3>No ano passado, Chioro foi o ministro que mais pediu voos: 195. Salvatti, 167. E ainda acrescenta-se o ex-Agricultura, Neri Geller, com 162 pedidos; da Justi\u00e7a, Jos\u00e9 Eduardo Cardozo, 159 e ex-Esporte, Aldo Rebelo, com 146.<\/h3>\n","protected":false},"excerpt":{"rendered":"<p>Findada a agenda oficial, os ministros da presidente Dilma Rousseff aproveitavam os avi\u00f5es da For\u00e7a A\u00e9rea Brasileira (FAB) para atividades de campanha. Em levantamento feito pelo jornal Folha de S. Paulo, integrantes dos poderes Executivo, Legislativo e Judici\u00e1rio solicitaram 3.438 viagens no ano passado. Os exemplos s\u00e3o muitos. Em setembro, o ministro da Sa\u00fade Arthur [&hellip;]<\/p>\n","protected":false},"author":2,"featured_media":0,"comment_status":"open","ping_status":"open","sticky":false,"template":"","format":"standard","meta":{"_links_to":"","_links_to_target":""},"categories":[14,1,7],"tags":[],"_links":{"self":[{"href":"https:\/\/www.blogdotarugao.com.br\/v1\/wp-json\/wp\/v2\/posts\/22376"}],"collection":[{"href":"https:\/\/www.blogdotarugao.com.br\/v1\/wp-json\/wp\/v2\/posts"}],"about":[{"href":"https:\/\/www.blogdotarugao.com.br\/v1\/wp-json\/wp\/v2\/types\/post"}],"author":[{"embeddable":true,"href":"https:\/\/www.blogdotarugao.com.br\/v1\/wp-json\/wp\/v2\/users\/2"}],"replies":[{"embeddable":true,"href":"https:\/\/www.blogdotarugao.com.br\/v1\/wp-json\/wp\/v2\/comments?post=22376"}],"version-history":[{"count":1,"href":"https:\/\/www.blogdotarugao.com.br\/v1\/wp-json\/wp\/v2\/posts\/22376\/revisions"}],"predecessor-version":[{"id":22378,"href":"https:\/\/www.blogdotarugao.com.br\/v1\/wp-json\/wp\/v2\/posts\/22376\/revisions\/22378"}],"wp:attachment":[{"href":"https:\/\/www.blogdotarugao.com.br\/v1\/wp-json\/wp\/v2\/media?parent=22376"}],"wp:term":[{"taxonomy":"category","embeddable":true,"href":"https:\/\/www.blogdotarugao.com.br\/v1\/wp-json\/wp\/v2\/categories?post=22376"},{"taxonomy":"post_tag","embeddable":true,"href":"https:\/\/www.blogdotarugao.com.br\/v1\/wp-json\/wp\/v2\/tags?post=22376"}],"curies":[{"name":"wp","href":"https:\/\/api.w.org\/{rel}","templated":true}]}}