{"id":234,"date":"2013-11-13T08:24:30","date_gmt":"2013-11-13T11:24:30","guid":{"rendered":"http:\/\/www.blogdotarugao.com.br\/v1\/?p=234"},"modified":"2013-11-13T08:24:30","modified_gmt":"2013-11-13T11:24:30","slug":"marco-civil-da-internet-esquece-direitos-humanos-e-sobrecarrega-justica-critica-fundador-da-safernet","status":"publish","type":"post","link":"https:\/\/www.blogdotarugao.com.br\/v1\/2013\/11\/13\/marco-civil-da-internet-esquece-direitos-humanos-e-sobrecarrega-justica-critica-fundador-da-safernet\/","title":{"rendered":"Marco Civil da Internet esquece direitos humanos e sobrecarrega Justi\u00e7a, critica fundador da Safernet"},"content":{"rendered":"<div>\n<div><img alt=\"Marco Civil da Internet esquece direitos humanos e sobrecarrega Justi\u00e7a, critica fundador da Safernet\" src=\"http:\/\/www.bahianoticias.com.br\/fotos\/justica_noticias\/47407\/xIMAGEM_NOTICIA_5.jpg.pagespeed.ic.6_XM9j4Gq4.jpg\" \/><\/p>\n<h5>Foto: Jos\u00e9 Marques \/ Bahia Not\u00edcias<\/h5>\n<\/div>\n<\/div>\n<div><strong>Membro do Instituto Baiano de Direito Processual Penal e advogado especializado em crime eletr\u00f4nico, Thiago Vieira foi um dos fundadores da Safernet Brasil \u2013 ONG refer\u00eancia no enfrentamento de crimes e viola\u00e7\u00f5es aos direitos humanos na internet. <\/strong><\/div>\n<div><\/div>\n<div><strong>Em conversa com o Bahia Not\u00edcias, o defensor fez cr\u00edticas e elogios ao projeto de lei do Marco Civil da Internet, esp\u00e9cie de \u201cconstitui\u00e7\u00e3o\u201d da rede que tramita no Congresso nacional e pode ser aprovado ainda este ano. <\/strong><\/div>\n<div><\/div>\n<div><strong>Segundo ele, o marco tem como pontos relevantes a &#8220;privacidade dos usu\u00e1rios e a impossibilidade de comercializa\u00e7\u00e3o dos dados pessoais para empresas de publicidade&#8221; e &#8220;a neutralidade da rede&#8221;.<\/strong><\/div>\n<div><\/div>\n<div><strong> Thiago, no entanto, acha perigosa a &#8220;imunidade&#8221; que o projeto prev\u00ea para a responsabilidade dos provedores sobre conte\u00fados ofensivos publicados na internet. Se n\u00f3s temos uma p\u00e1gina de um bullying de uma crian\u00e7a, por exemplo, o provedor n\u00e3o tem obriga\u00e7\u00e3o de tirar, ele vai continuar lucrando com a publicidade daquele bullying&#8221;, apontou. <\/strong><\/div>\n<div><\/div>\n<div><strong>Para o advogado essa quest\u00e3o &#8220;empurrar\u00e1 uma s\u00e9rie de demandas para o j\u00e1 sobrecarregado Poder Judici\u00e1rio&#8221;.<\/strong><\/div>\n<div><\/div>\n<div><strong> &#8220;Ante a essa imunidade dos provedores, os direitos humanos est\u00e3o esquecidos&#8221;, avaliou.<\/strong><\/div>\n","protected":false},"excerpt":{"rendered":"<p>Foto: Jos\u00e9 Marques \/ Bahia Not\u00edcias Membro do Instituto Baiano de Direito Processual Penal e advogado especializado em crime eletr\u00f4nico, Thiago Vieira foi um dos fundadores da Safernet Brasil \u2013 ONG refer\u00eancia no enfrentamento de crimes e viola\u00e7\u00f5es aos direitos humanos na internet. Em conversa com o Bahia Not\u00edcias, o defensor fez cr\u00edticas e elogios [&hellip;]<\/p>\n","protected":false},"author":2,"featured_media":0,"comment_status":"open","ping_status":"open","sticky":false,"template":"","format":"standard","meta":{"_links_to":"","_links_to_target":""},"categories":[6],"tags":[],"_links":{"self":[{"href":"https:\/\/www.blogdotarugao.com.br\/v1\/wp-json\/wp\/v2\/posts\/234"}],"collection":[{"href":"https:\/\/www.blogdotarugao.com.br\/v1\/wp-json\/wp\/v2\/posts"}],"about":[{"href":"https:\/\/www.blogdotarugao.com.br\/v1\/wp-json\/wp\/v2\/types\/post"}],"author":[{"embeddable":true,"href":"https:\/\/www.blogdotarugao.com.br\/v1\/wp-json\/wp\/v2\/users\/2"}],"replies":[{"embeddable":true,"href":"https:\/\/www.blogdotarugao.com.br\/v1\/wp-json\/wp\/v2\/comments?post=234"}],"version-history":[{"count":1,"href":"https:\/\/www.blogdotarugao.com.br\/v1\/wp-json\/wp\/v2\/posts\/234\/revisions"}],"predecessor-version":[{"id":235,"href":"https:\/\/www.blogdotarugao.com.br\/v1\/wp-json\/wp\/v2\/posts\/234\/revisions\/235"}],"wp:attachment":[{"href":"https:\/\/www.blogdotarugao.com.br\/v1\/wp-json\/wp\/v2\/media?parent=234"}],"wp:term":[{"taxonomy":"category","embeddable":true,"href":"https:\/\/www.blogdotarugao.com.br\/v1\/wp-json\/wp\/v2\/categories?post=234"},{"taxonomy":"post_tag","embeddable":true,"href":"https:\/\/www.blogdotarugao.com.br\/v1\/wp-json\/wp\/v2\/tags?post=234"}],"curies":[{"name":"wp","href":"https:\/\/api.w.org\/{rel}","templated":true}]}}