{"id":31458,"date":"2015-05-19T22:12:36","date_gmt":"2015-05-20T01:12:36","guid":{"rendered":"http:\/\/www.blogdotarugao.com.br\/v1\/?p=31458"},"modified":"2015-05-19T22:12:36","modified_gmt":"2015-05-20T01:12:36","slug":"camara-aprova-projeto-que-reconhece-carater-educacional-da-capoeira","status":"publish","type":"post","link":"https:\/\/www.blogdotarugao.com.br\/v1\/2015\/05\/19\/camara-aprova-projeto-que-reconhece-carater-educacional-da-capoeira\/","title":{"rendered":"C\u00e2mara aprova projeto que reconhece car\u00e1ter educacional da capoeira"},"content":{"rendered":"<h3 style=\"text-align: justify;\"><a href=\"http:\/\/www.blogdotarugao.com.br\/v1\/wp-content\/uploads\/2015\/05\/images-10.jpg\" class=\"gallery_colorbox\"><img loading=\"lazy\" class=\"aligncenter  wp-image-31460\" src=\"http:\/\/www.blogdotarugao.com.br\/v1\/wp-content\/uploads\/2015\/05\/images-10.jpg\"  alt=\"images (10)\" width=\"581\" height=\"435\" \/><\/a><\/h3>\n<h3 style=\"text-align: justify;\">A Comiss\u00e3o de Educa\u00e7\u00e3o da C\u00e2mara dos Deputados aprovou, nesta ter\u00e7a-feira (19), o projeto de Lei (PLS 17\/2014) que reconhece o car\u00e1ter educacional da capoeira e permite que a modalidade seja praticada nas escolas como manifesta\u00e7\u00e3o cultural. \u201cO Brasil e o mundo j\u00e1 reconhecem a import\u00e2ncia da capoeira para a cultura, o esporte e a inclus\u00e3o, agora reconhecemos seu valor educacional. Este reconhecimento do parlamento \u00e9 important\u00edssimo, porque permite a contrata\u00e7\u00e3o de mestres de capoeira diretamente, pessoas que aprenderam o esporte por ancestralidade, sem frequentar cursos\u201d, afirmou o senador Rom\u00e1rio (PSB-RJ). Relator do projeto Otto Alencar (PSD-BA) fez uma defesa apaixonada do projeto. Ele contou a hist\u00f3ria da capoeira, iniciada como uma t\u00e9cnica de defesa dos negros. Em seguida, tocou o instrumento. \u201cBimba dizia que a pior dor do negro, na Bahia, n\u00e3o foi s\u00f3 ter apanhado no pelourinho e ter lutado para se libertar. A pior dor do negro \u00e9 ter chegado aonde ele chegou, em 1970, e n\u00e3o ter tido a oportunidade de se educar. Que a pior escravid\u00e3o do negro era a falta de educa\u00e7\u00e3o para competir com o branco\u201d, discursou o senador baiano.<\/h3>\n","protected":false},"excerpt":{"rendered":"<p>A Comiss\u00e3o de Educa\u00e7\u00e3o da C\u00e2mara dos Deputados aprovou, nesta ter\u00e7a-feira (19), o projeto de Lei (PLS 17\/2014) que reconhece o car\u00e1ter educacional da capoeira e permite que a modalidade seja praticada nas escolas como manifesta\u00e7\u00e3o cultural. \u201cO Brasil e o mundo j\u00e1 reconhecem a import\u00e2ncia da capoeira para a cultura, o esporte e a [&hellip;]<\/p>\n","protected":false},"author":2,"featured_media":0,"comment_status":"open","ping_status":"open","sticky":false,"template":"","format":"standard","meta":{"_links_to":"","_links_to_target":""},"categories":[5,6],"tags":[],"_links":{"self":[{"href":"https:\/\/www.blogdotarugao.com.br\/v1\/wp-json\/wp\/v2\/posts\/31458"}],"collection":[{"href":"https:\/\/www.blogdotarugao.com.br\/v1\/wp-json\/wp\/v2\/posts"}],"about":[{"href":"https:\/\/www.blogdotarugao.com.br\/v1\/wp-json\/wp\/v2\/types\/post"}],"author":[{"embeddable":true,"href":"https:\/\/www.blogdotarugao.com.br\/v1\/wp-json\/wp\/v2\/users\/2"}],"replies":[{"embeddable":true,"href":"https:\/\/www.blogdotarugao.com.br\/v1\/wp-json\/wp\/v2\/comments?post=31458"}],"version-history":[{"count":1,"href":"https:\/\/www.blogdotarugao.com.br\/v1\/wp-json\/wp\/v2\/posts\/31458\/revisions"}],"predecessor-version":[{"id":31461,"href":"https:\/\/www.blogdotarugao.com.br\/v1\/wp-json\/wp\/v2\/posts\/31458\/revisions\/31461"}],"wp:attachment":[{"href":"https:\/\/www.blogdotarugao.com.br\/v1\/wp-json\/wp\/v2\/media?parent=31458"}],"wp:term":[{"taxonomy":"category","embeddable":true,"href":"https:\/\/www.blogdotarugao.com.br\/v1\/wp-json\/wp\/v2\/categories?post=31458"},{"taxonomy":"post_tag","embeddable":true,"href":"https:\/\/www.blogdotarugao.com.br\/v1\/wp-json\/wp\/v2\/tags?post=31458"}],"curies":[{"name":"wp","href":"https:\/\/api.w.org\/{rel}","templated":true}]}}