{"id":33050,"date":"2015-06-07T23:12:42","date_gmt":"2015-06-08T02:12:42","guid":{"rendered":"http:\/\/www.blogdotarugao.com.br\/v1\/?p=33050"},"modified":"2015-06-07T23:12:42","modified_gmt":"2015-06-08T02:12:42","slug":"temer-ja-foi-informado-sobre-possivel-migracao-de-acm-neto-para-o-pmdb","status":"publish","type":"post","link":"https:\/\/www.blogdotarugao.com.br\/v1\/2015\/06\/07\/temer-ja-foi-informado-sobre-possivel-migracao-de-acm-neto-para-o-pmdb\/","title":{"rendered":"Temer j\u00e1 foi informado sobre poss\u00edvel migra\u00e7\u00e3o de ACM Neto para o PMDB"},"content":{"rendered":"<h3 style=\"text-align: justify;\"><a href=\"http:\/\/www.blogdotarugao.com.br\/v1\/wp-content\/uploads\/2015\/06\/IMAGEM_NOTICIA_5.jpg\" class=\"gallery_colorbox\"><img loading=\"lazy\" class=\"aligncenter  wp-image-33051\" src=\"http:\/\/www.blogdotarugao.com.br\/v1\/wp-content\/uploads\/2015\/06\/IMAGEM_NOTICIA_5.jpg\"  alt=\"IMAGEM_NOTICIA_5\" width=\"580\" height=\"427\" srcset=\"https:\/\/www.blogdotarugao.com.br\/v1\/wp-content\/uploads\/2015\/06\/IMAGEM_NOTICIA_5.jpg 380w, https:\/\/www.blogdotarugao.com.br\/v1\/wp-content\/uploads\/2015\/06\/IMAGEM_NOTICIA_5-300x221.jpg 300w\" sizes=\"(max-width: 580px) 100vw, 580px\" \/><\/a><\/h3>\n<h3 style=\"text-align: justify;\">O vice-presidente da Rep\u00fablica, Michel Temer (PMDB), j\u00e1 foi informado sobre a poss\u00edvel migra\u00e7\u00e3o do prefeito de Salvador, ACM Neto (DEM), para o PMDB. De acordo com a coluna Tempo Presente, do A Tarde, Neto \u201cal\u00e7a voos\u201d maiores na pol\u00edtica e, por isto, deve partir do DEM \u2013 que est\u00e1 \u00e0 mingua e n\u00e3o tem perspectiva de voltar a crescer. Ainda de acordo com a publica\u00e7\u00e3o, o presidente do PMDB na Bahia, Geddel Vieira Lima (PMDB) tamb\u00e9m j\u00e1 sabe da vontade do gestor da capital baiana e aceita sentar para conversar sobre o tema \u2013 <strong><a href=\"http:\/\/www.bahianoticias.com.br\/noticia\/173412-geddel-nao-descarta-atracao-de-acm-neto-para-o-pmdb-vamos-sentar-claro.html\" target=\"_blank\">como declarou em entrevista ao Bahia Not\u00edcias.<\/a><\/strong><\/h3>\n","protected":false},"excerpt":{"rendered":"<p>O vice-presidente da Rep\u00fablica, Michel Temer (PMDB), j\u00e1 foi informado sobre a poss\u00edvel migra\u00e7\u00e3o do prefeito de Salvador, ACM Neto (DEM), para o PMDB. De acordo com a coluna Tempo Presente, do A Tarde, Neto \u201cal\u00e7a voos\u201d maiores na pol\u00edtica e, por isto, deve partir do DEM \u2013 que est\u00e1 \u00e0 mingua e n\u00e3o tem [&hellip;]<\/p>\n","protected":false},"author":2,"featured_media":0,"comment_status":"open","ping_status":"open","sticky":false,"template":"","format":"standard","meta":{"_links_to":"","_links_to_target":""},"categories":[5,6],"tags":[],"_links":{"self":[{"href":"https:\/\/www.blogdotarugao.com.br\/v1\/wp-json\/wp\/v2\/posts\/33050"}],"collection":[{"href":"https:\/\/www.blogdotarugao.com.br\/v1\/wp-json\/wp\/v2\/posts"}],"about":[{"href":"https:\/\/www.blogdotarugao.com.br\/v1\/wp-json\/wp\/v2\/types\/post"}],"author":[{"embeddable":true,"href":"https:\/\/www.blogdotarugao.com.br\/v1\/wp-json\/wp\/v2\/users\/2"}],"replies":[{"embeddable":true,"href":"https:\/\/www.blogdotarugao.com.br\/v1\/wp-json\/wp\/v2\/comments?post=33050"}],"version-history":[{"count":1,"href":"https:\/\/www.blogdotarugao.com.br\/v1\/wp-json\/wp\/v2\/posts\/33050\/revisions"}],"predecessor-version":[{"id":33052,"href":"https:\/\/www.blogdotarugao.com.br\/v1\/wp-json\/wp\/v2\/posts\/33050\/revisions\/33052"}],"wp:attachment":[{"href":"https:\/\/www.blogdotarugao.com.br\/v1\/wp-json\/wp\/v2\/media?parent=33050"}],"wp:term":[{"taxonomy":"category","embeddable":true,"href":"https:\/\/www.blogdotarugao.com.br\/v1\/wp-json\/wp\/v2\/categories?post=33050"},{"taxonomy":"post_tag","embeddable":true,"href":"https:\/\/www.blogdotarugao.com.br\/v1\/wp-json\/wp\/v2\/tags?post=33050"}],"curies":[{"name":"wp","href":"https:\/\/api.w.org\/{rel}","templated":true}]}}