{"id":33786,"date":"2015-06-15T16:06:25","date_gmt":"2015-06-15T19:06:25","guid":{"rendered":"http:\/\/www.blogdotarugao.com.br\/v1\/?p=33786"},"modified":"2015-06-15T16:06:25","modified_gmt":"2015-06-15T19:06:25","slug":"bispos-nao-aceitam-ideologia-de-genero-na-pratica-pedagogica","status":"publish","type":"post","link":"https:\/\/www.blogdotarugao.com.br\/v1\/2015\/06\/15\/bispos-nao-aceitam-ideologia-de-genero-na-pratica-pedagogica\/","title":{"rendered":"Bispos n\u00e3o aceitam ideologia de g\u00eanero na pr\u00e1tica pedag\u00f3gica"},"content":{"rendered":"<h3 style=\"text-align: justify;\"><a href=\"http:\/\/www.blogdotarugao.com.br\/v1\/wp-content\/uploads\/2015\/06\/bispos.jpg\" class=\"gallery_colorbox\"><img loading=\"lazy\" class=\"aligncenter  wp-image-33787\" src=\"http:\/\/www.blogdotarugao.com.br\/v1\/wp-content\/uploads\/2015\/06\/bispos.jpg\"  alt=\"bispos\" width=\"580\" height=\"386\" srcset=\"https:\/\/www.blogdotarugao.com.br\/v1\/wp-content\/uploads\/2015\/06\/bispos.jpg 1024w, https:\/\/www.blogdotarugao.com.br\/v1\/wp-content\/uploads\/2015\/06\/bispos-300x200.jpg 300w\" sizes=\"(max-width: 580px) 100vw, 580px\" \/><\/a>Os bispos do Regional Sul 1 da Confer\u00eancia Nacional dos Bispos do Brasil (CNBB), que engloba o estado de S\u00e3o Paulo, divulgaram uma nota sobre a ideologia de g\u00eanero na educa\u00e7\u00e3o. No texto, assinado pelo cardeal Dom Odilo Pedro Scherer, presidente do Conselho Episcopal Regional Sul 1 CNBB, ressaltam que \u201cas consequ\u00eancias da introdu\u00e7\u00e3o dessa ideologia na pr\u00e1tica pedag\u00f3gica das escolas contradiz frontalmente a configura\u00e7\u00e3o antropol\u00f3gica de fam\u00edlia, transmitida h\u00e1 mil\u00eanios em todas as culturas\u201d.<\/p>\n<p>Na quinta-feira (11), ao t\u00e9rmino da 78\u00aa Assembleia Episcopal Regional, ocorrida em Aparecida (SP), os bispos divulgaram a mensagem que aborda a quest\u00e3o dos Planos Municipais de Educa\u00e7\u00e3o (PME) a serem aprovados pelos munic\u00edpios brasileiros at\u00e9 o dia 25 de junho. Nela, atestam o \u201capre\u00e7o ao empenho dos Conselhos Municipais de Educa\u00e7\u00e3o\u201d na aprova\u00e7\u00e3o deste plano que nortear\u00e1 a pr\u00e1tica educativa nos pr\u00f3ximos dez anos. Mas, alertam para a possibilidade de inser\u00e7\u00e3o da ideologia de g\u00eanero no documento. A nota emitida foi encaminhada ao Executivo e Legislativo Municipal pelo arcebispo metropolitano de Sorocaba, Dom Eduardo Benes de Sales. \u201cNa igreja cat\u00f3lica n\u00e3o h\u00e1 discuss\u00e3o sobre esse assunto; h\u00e1 um consenso onde n\u00e3o se pode ferir o ideal de fam\u00edlia de matrim\u00f4nio como est\u00e1 na Constitui\u00e7\u00e3o e isso n\u00e3o aceitamos\u201d, comentou. \u201cQuanto a acolher e acabar com a intoler\u00e2ncia estamos de acordo que a educa\u00e7\u00e3o est\u00e1 de cora\u00e7\u00e3o aberto para respeitar a todos\u201d, comentou o arcebismo.<\/p>\n<p>Atentando sobre as amea\u00e7as aos valores familiares que acarretariam da aprova\u00e7\u00e3o da ideologia de g\u00eanero, os bispos dizem esperar dos \u201cgovernantes do Legislativo e Executivo uma tomada de posi\u00e7\u00e3o que garanta para as novas gera\u00e7\u00f5es uma escola que promova a fam\u00edlia, tal como a entendem a Constitui\u00e7\u00e3o Federal (artigo 226) e a tradi\u00e7\u00e3o crist\u00e3, que moldou a cultura brasileira\u201d. Por fim, tamb\u00e9m pedem a inclus\u00e3o no PME do \u201censino religioso, em sintonia com a confiss\u00e3o religiosa da fam\u00edlia, que tem filhos na escola\u201d. Na \u00faltima audi\u00eancia p\u00fablica realizada na C\u00e2mara Municipal, no dia 8, o pedido por ensino religioso tumultuou o debate. Religiosos e movimento LGBT manifestaram-se sobre pontos pol\u00eamicos do Plano Municipal de Educa\u00e7\u00e3o.<\/p>\n<p><strong>Preconceito<\/strong><\/p>\n<p>Segundo Denis Oliveira, representante de movimentos LGBT em Sorocaba, existe uma preocupa\u00e7\u00e3o em rela\u00e7\u00e3o ao posicionamento dos religiosos, podendo o texto ser extra\u00eddo do PME. \u201cCom a press\u00e3o de religiosos, arcebispo e igrejas evang\u00e9licas que tem tr\u00eas pastores vereadores, a identidade de g\u00eanero e as quest\u00f5es de diversidade sexual ser\u00e3o retiradas do texto debatido democraticamente\u201d, pontuou. Segundo Denis, o preconceito ainda existe e novos debates devem ser fomentados gerando maior preparo para o poder p\u00fablico.<\/p>\n<p>Uma nota publicada na p\u00e1gina do F\u00f3rum LGBT &#8211; Sorocaba, menciona que a ideologia de g\u00eanero nada mais \u00e9 do que leitura mal feita de alguns autores da atualidade. \u201cAs ideias equivocadas a respeito da homossexualidade, constru\u00eddas com base em uma cultura patriarcal e mis\u00f3gina, por discursos religiosos e cient\u00edficos, reiteradas cotidianamente em todas as esferas da sociedade, produzem efeitos negativos para as chamadas minorias sexuais\u201d, mencionam.<\/p>\n<p><strong>Discuss\u00e3o<\/strong> <!--more--><\/p>\n<p>Segundo o secret\u00e1rio interino da Educa\u00e7\u00e3o, Flaviano Agostinho de Lima, o PME deve ganhar a forma de projeto de lei e ser\u00e1 encaminhado \u00e0 C\u00e2mara, at\u00e9 quarta-feira, dia 17. Os vereadores dispor\u00e3o, assim, de praticamente pouco mais de uma semana, at\u00e9 o dia 25, para discutir e votar a mat\u00e9ria. \u201cTemos uma quest\u00e3o bastante s\u00e9ria, porque muitas das metas em rela\u00e7\u00e3o as estrat\u00e9gias do plano &#8211; que s\u00e3o 320 &#8211; dependem de um posicionamento da pr\u00f3pria Uni\u00e3o, dos governos Federal e Estadual e o pr\u00f3prio Minist\u00e9rio da Educa\u00e7\u00e3o (MEC) que preconizava que o nosso plano deveria estar de acordo com o Estadual e o Estadual n\u00e3o est\u00e1 pronto, mas vou trabalhar com essa refer\u00eancia\u201d, comentou. Sobre a metas que contemplam a ideologia de g\u00eanero, o secret\u00e1rio explica que s\u00e3o treze estrat\u00e9gias a serem analisadas.<\/p>\n<p>No dia 10, a C\u00e2mara Municipal de S\u00e3o Paulo retirou do projeto que trata do Plano Municipal de Educa\u00e7\u00e3o todas as refer\u00eancias a quest\u00f5es de g\u00eanero. \u201cAcredito que h\u00e1 essa tend\u00eancia pela falta de condi\u00e7\u00e3o de discuss\u00e3o da sociedade; \u00e9 bastante s\u00e9rio isso em todos os aspectos porque podemos estar errando em todos os sentidos. Nesse momento voc\u00ea fazer uma determinada op\u00e7\u00e3o \u00e9 muito s\u00e9rio &#8211; de algo que \u00e9 muito novo &#8211; e que a sociedade t\u00eam o direito e deve se aprofundar\u201d, comentou. O secret\u00e1rio enfatizou a prud\u00eancia nesse momento. \u201cEu recebi essa nota da CNBB, assinada pelo cardeal e \u00e9 uma nota bastante densa nas suas raz\u00f5es; a sociedade tem que ter tempo para fazer um amadurecimento\u201d, comentou. O presidente da C\u00e2mara, o vereador Cl\u00e1udio do Sorocaba I (PR) tamb\u00e9m recebeu a carta da CNBB e disse que s\u00f3 \u00e9 poss\u00edvel ter um posicionamento assim que o projeto seja apresentado. \u201cQuando chegar acredito que ainda d\u00e1 para n\u00f3s fazermos mais uma audi\u00eancia p\u00fablica\u201d, comentou.<\/p>\n<p>Segundo o secret\u00e1rio, o assunto ainda deve gerar debates. \u201cAcredito que na C\u00e2mara esses debates ser\u00e3o muito acalorados, a sociedade precisa receber todas as l\u00f3gicas cient\u00edficas que se tem pelo mundo, trabalhos, estudos para amadurecer\u201d, ressalta. \u201cO que eu temo \u00e9 que esses temas que s\u00e3o importantes se sobreponham a import\u00e2ncia do Plano de Educa\u00e7\u00e3o como um todo, porque temos que educar para a n\u00e3o discrimina\u00e7\u00e3o\u201d, ressalta. Sobre o ensino religioso, Flaviano admitiu estudos. \u201cN\u00e3o est\u00e1 inclu\u00eddo no texto, mas estamos fazendo esse refinamento t\u00e9cnico e vamos analisar a viabilidade; o prefeito se mostra favor\u00e1vel ao ensino religioso; temos que ver se h\u00e1 possibilidade mas isso seria mais para o futuro\u201d, disse.<\/p>\n<p><strong>CNBB critica uso da imagens religiosas na Parada Gay em S\u00e3o Paulo<\/strong><\/p>\n<p>A Confer\u00eancia Nacional dos Bispos do Brasil (CNBB) em S\u00e3o Paulo tamb\u00e9m divulgou nota na quinta-feira (11) com posicionamento contr\u00e1rio ao uso de s\u00edmbolos religiosos durante a 19\u00aa Parada do Orgulho LGBT, realizada no domingo, dia 7. A nota, divulgada no site da confer\u00eancia e retransmitida pelo arcebispo metropolitano de Sorocaba, Dom Eduardo Benes de Sales Rodrigues, diz que foram \u201cclaras manifesta\u00e7\u00f5es de desrespeito \u00e0 consci\u00eancia religiosa de nosso povo e ao s\u00edmbolo da f\u00e9 crist\u00e3, Jesus crucificado\u201d. Contra a homofobia, a modelo transexual Viviany Beleboni desfilou seminua em uma cruz.<\/p>\n<p>Uma placa acima de sua cabe\u00e7a carregava a frase \u201cbasta de homofobia com LGBT\u201d, o que gerou rea\u00e7\u00e3o de religiosos. A nota n\u00e3o cita diretamente o nome da transexual. O texto tamb\u00e9m aponta que a \u201cf\u00e9 crist\u00e3 e cat\u00f3lica, e outras express\u00f5es de f\u00e9 encontram defesa e guarida na Constitui\u00e7\u00e3o Federal\u201d. \u201cA parada gay \u00e9 livre, as pessaos tem toda a liberdade de express\u00e3o mas que n\u00e3o usem s\u00edmbolo crist\u00e3os, isso at\u00e9 desqualifica o pr\u00f3prio movimento\u201d, comentou o arcebispo.<\/p>\n<p><strong>Em Sorocaba<\/strong><\/p>\n<p>A 10\u00aa Parada LGBT de Sorocaba, acontece no dia 23 de agosto, com concentra\u00e7\u00e3o na Pra\u00e7a do F\u00f3rum Velho, rumo ao Campolim. O tema deste ano \u00e9 \u201cOrgulho de que?\u201d. O encontro na cidade ocorre depois da pol\u00eamica \u201ccrucifica\u00e7\u00e3o\u201d ocorrida na capital.<\/p>\n<p>Um dos organizadores da Parada em Sorocaba, Denis Oliveira, o Dennys Sbizera, defende a liberdade religiosa, garantida pelo Estado laico que tem como princ\u00edpio a imparcialidade em assuntos religiosos. \u201cN\u00f3s fomos totalmente a favor do manifesto e da forma que foi feito, n\u00e3o entendemos de forma de insulto e sim de protesto\u201d, comentou.<\/p>\n<p>Segundo a p\u00e1gina oficial do F\u00f3rum LGBT em Sorocaba, s\u00e3o registrados, em m\u00e9dia, 350 assassinatos ao ano no Brasil motivados pela homofobia. \u201cA travesti pregada na cruz \u00e9 s\u00edmbolo de toda a ang\u00fastia e dor que eu e todas as l\u00e9sbicas, gays, bi e transexuais s\u00e3o for\u00e7ados a engolir diariamente. A foto \u00e9 muito mais uma express\u00e3o art\u00edstica do que um ataque \u00e0 religi\u00e3o de quem quer que seja\u201d, diz trecho do texto.<\/h3>\n<p>&nbsp;<\/p>\n","protected":false},"excerpt":{"rendered":"<p>Os bispos do Regional Sul 1 da Confer\u00eancia Nacional dos Bispos do Brasil (CNBB), que engloba o estado de S\u00e3o Paulo, divulgaram uma nota sobre a ideologia de g\u00eanero na educa\u00e7\u00e3o. No texto, assinado pelo cardeal Dom Odilo Pedro Scherer, presidente do Conselho Episcopal Regional Sul 1 CNBB, ressaltam que \u201cas consequ\u00eancias da introdu\u00e7\u00e3o dessa [&hellip;]<\/p>\n","protected":false},"author":2,"featured_media":0,"comment_status":"open","ping_status":"open","sticky":false,"template":"","format":"standard","meta":{"_links_to":"","_links_to_target":""},"categories":[33,1],"tags":[],"_links":{"self":[{"href":"https:\/\/www.blogdotarugao.com.br\/v1\/wp-json\/wp\/v2\/posts\/33786"}],"collection":[{"href":"https:\/\/www.blogdotarugao.com.br\/v1\/wp-json\/wp\/v2\/posts"}],"about":[{"href":"https:\/\/www.blogdotarugao.com.br\/v1\/wp-json\/wp\/v2\/types\/post"}],"author":[{"embeddable":true,"href":"https:\/\/www.blogdotarugao.com.br\/v1\/wp-json\/wp\/v2\/users\/2"}],"replies":[{"embeddable":true,"href":"https:\/\/www.blogdotarugao.com.br\/v1\/wp-json\/wp\/v2\/comments?post=33786"}],"version-history":[{"count":1,"href":"https:\/\/www.blogdotarugao.com.br\/v1\/wp-json\/wp\/v2\/posts\/33786\/revisions"}],"predecessor-version":[{"id":33788,"href":"https:\/\/www.blogdotarugao.com.br\/v1\/wp-json\/wp\/v2\/posts\/33786\/revisions\/33788"}],"wp:attachment":[{"href":"https:\/\/www.blogdotarugao.com.br\/v1\/wp-json\/wp\/v2\/media?parent=33786"}],"wp:term":[{"taxonomy":"category","embeddable":true,"href":"https:\/\/www.blogdotarugao.com.br\/v1\/wp-json\/wp\/v2\/categories?post=33786"},{"taxonomy":"post_tag","embeddable":true,"href":"https:\/\/www.blogdotarugao.com.br\/v1\/wp-json\/wp\/v2\/tags?post=33786"}],"curies":[{"name":"wp","href":"https:\/\/api.w.org\/{rel}","templated":true}]}}